{"id":6198,"date":"2022-04-11T20:01:49","date_gmt":"2022-04-11T20:01:49","guid":{"rendered":"https:\/\/jpn.mirex.gob.do\/consular\/tokio\/?p=6198"},"modified":"2022-04-11T20:09:14","modified_gmt":"2022-04-11T20:09:14","slug":"primer-operativo-de-cedulacion-en-japon-tokio-japon","status":"publish","type":"post","link":"https:\/\/jpn.mirex.gob.do\/consular\/tokio\/primer-operativo-de-cedulacion-en-japon-tokio-japon\/","title":{"rendered":"Primer Operativo de Cedulaci\u00f3n  en Jap\u00f3n &#8211; Tokio, Japon"},"content":{"rendered":"\t\t<div data-elementor-type=\"wp-post\" data-elementor-id=\"6198\" class=\"elementor elementor-6198\" data-elementor-post-type=\"post\">\n\t\t\t\t\t\t<section class=\"elementor-section elementor-top-section elementor-element elementor-element-a0bec04 elementor-section-boxed elementor-section-height-default elementor-section-height-default\" data-id=\"a0bec04\" data-element_type=\"section\" data-e-type=\"section\">\n\t\t\t\t\t\t<div class=\"elementor-container elementor-column-gap-default\">\n\t\t\t\t\t<div class=\"elementor-column elementor-col-100 elementor-top-column elementor-element elementor-element-59c1851\" data-id=\"59c1851\" data-element_type=\"column\" data-e-type=\"column\">\n\t\t\t<div class=\"elementor-widget-wrap elementor-element-populated\">\n\t\t\t\t\t\t<div class=\"elementor-element elementor-element-75f064c elementor-widget elementor-widget-text-editor\" data-id=\"75f064c\" data-element_type=\"widget\" data-e-type=\"widget\" data-widget_type=\"text-editor.default\">\n\t\t\t\t<div class=\"elementor-widget-container\">\n\t\t\t\t\t\t\t\t\t<p>El 18 de enero del 2021 lleg\u00f3 la C\u00f3nsul General de la Rep\u00fablica Dominicana a Tokio, Jap\u00f3n; antes hab\u00eda tenido igual encomienda en Hong Kong. Cumplido su per\u00edodo de cuarentena, el 1ero de febrero estaba asumiendo su gesti\u00f3n recibiendo y visitando la comunidad, aquilatando en su justa dimensi\u00f3n las mayores necesidades, por supuesto aparecen de diversas \u00edndoles pero encabezando entre ellas la inminente necesidad de lograr trasladar la junta Central Electoral Dominicana hacia el remoto continente; ya que por pandemia la comunidad no se mover\u00eda. &#8220;Hay que traer a la Junta!&#8221; Se dijo. En marzo se efectu\u00f3 un preoperativo de cedulaci\u00f3n en Kanagwa d\u00f3nde est\u00e1 la mayor fuente de dominicanos; la comunidad expuso las vicisitudes con las que ha tenido que manejarse en un pa\u00eds extranjero con la expiraci\u00f3n de sus documentos de identificaci\u00f3n m\u00e1s vitales, pues para solicitar empleos son imprescindibles c\u00e9dula y pasaporte.<\/p><p>Sin dilaci\u00f3n viaj\u00f3 a Rep\u00fablica Dominicana y recibida por el magistrado J\u00e1quez Rom\u00e1n, present\u00f3 las m\u00e1s elevadas aspiraciones, pues &#8220;a grandes males, grandes soluciones&#8221;; osadamente se atrevi\u00f3 a solicitar una resoluci\u00f3n que permitiera renovar los pasaportes con la c\u00e9dula vencida. No fue posible, bien explic\u00f3 el presidente de JCE, las razones; pero s\u00ed fue posible que la sensibilidad humana del magistrado lo moviese hac\u00eda la aprobaci\u00f3n de la segunda petici\u00f3n, un operativo de cedulaci\u00f3n en Jap\u00f3n, el primero. Hist\u00f3rico!<\/p><p>La planificacion con Well Sep\u00falveda, Encargado del Voto del Dominicano en el exterior ha sido constante por largu\u00edsimos meses, tambi\u00e9n Am\u00e9rico Rodr\u00edguez Encargado de Cedulaci\u00f3n estuvo inicialmente atento al plan de movilizaci\u00f3n de la JCE.<\/p><p>La fecha pudo haber sido inmediata a esa reuni\u00f3n pero el Estado de Emergencia y la cuarentena en Jap\u00f3n no permit\u00edan la llegada de los t\u00e9cnicos sin un encierro m\u00e1s largo que la misma estad\u00eda para el operativo y eso obligaba a postergar, la comunidad segu\u00eda esc\u00e9ptica. C\u00f3mo en &#8220;veremos&#8221;.<\/p><p><img fetchpriority=\"high\" decoding=\"async\" class=\"alignright wp-image-6199\" style=\"font-weight: inherit;\" src=\"https:\/\/jpn.mirex.gob.do\/consular\/tokio\/wp-content\/uploads\/2022\/04\/imagen1-1024x598.jpg\" alt=\"\" width=\"600\" height=\"351\" srcset=\"https:\/\/jpn.mirex.gob.do\/consular\/tokio\/wp-content\/uploads\/2022\/04\/imagen1-1024x598.jpg 1024w, https:\/\/jpn.mirex.gob.do\/consular\/tokio\/wp-content\/uploads\/2022\/04\/imagen1-300x175.jpg 300w, https:\/\/jpn.mirex.gob.do\/consular\/tokio\/wp-content\/uploads\/2022\/04\/imagen1-768x449.jpg 768w, https:\/\/jpn.mirex.gob.do\/consular\/tokio\/wp-content\/uploads\/2022\/04\/imagen1.jpg 1265w\" sizes=\"(max-width: 600px) 100vw, 600px\" \/><\/p><p>Finalmente, luego de casi un a\u00f1o en cordinaci\u00f3n no solo con la JCE, sino&#8217; adem\u00e1s con las 2 canciller\u00edas, las 2 embajadas, la Migraci\u00f3n Japonesa permitir\u00e1 la entrada de quienes junto al Consulado General de la Rep\u00fablica Dominicana en Tokio, Jap\u00f3n, actuar\u00e1n pro bienestar de la comunidad.<\/p><p>Preparativos diarios, equipos, llamadas, emails, explicaciones, se alarga la lista y se acercan las c\u00e9dulas dominicanas a Jap\u00f3n! El viernes 22 de abril llegan los t\u00e9cnicos: William Moody, Subdirector T\u00e9cnico, acompa\u00f1ado de Genesis V\u00e1squez, quienes al otro d\u00eda de aterrizar en la tierra nippona, ya tienen espec\u00edfico quehacer, desde el s\u00e1bado 23 de abril al s\u00e1bado 30.<\/p><p>Felicitamos a la C\u00f3nsul General de la Rep\u00fablica Dominicana en Jap\u00f3n, Dra. Betsaira Cabrera Raful, a quien muchos llaman Sahira, sus hermanos de tierra han percibido su tit\u00e1nico esfuerzo, el no desmayar una y otra vez en el intento, ha materializado un impetu vivaz hasta poder cumplir con la promesa de cedular a sus hermanos de patria y raza!<\/p><p>Los connacionales que se manten\u00edan incr\u00e9dulos, ahora encendieron los motores, llaman al consulado, &#8220;me quiero inscribir&#8221; y lo m\u00e1s lindo? muchos tendr\u00e1n por primera vez su c\u00e9dula dominicana en esta tierra de imperios. Enhorabuena!!<\/p>\t\t\t\t\t\t\t\t<\/div>\n\t\t\t\t<\/div>\n\t\t\t\t\t<\/div>\n\t\t<\/div>\n\t\t\t\t\t<\/div>\n\t\t<\/section>\n\t\t\t\t<\/div>\n\t\t","protected":false},"excerpt":{"rendered":"<p>El 18 de enero del 2021 lleg\u00f3 la C\u00f3nsul General de la Rep\u00fablica Dominicana a Tokio, Jap\u00f3n; antes hab\u00eda tenido igual encomienda en Hong Kong. Cumplido su per\u00edodo de cuarentena, el 1ero de febrero estaba asumiendo su gesti\u00f3n recibiendo y visitando la comunidad, aquilatando en su justa dimensi\u00f3n las mayores necesidades, por supuesto aparecen de [&hellip;]<\/p>\n","protected":false},"author":1,"featured_media":6206,"comment_status":"closed","ping_status":"open","sticky":false,"template":"","format":"standard","meta":{"site-sidebar-layout":"default","site-content-layout":"default","ast-site-content-layout":"default","site-content-style":"default","site-sidebar-style":"default","ast-global-header-display":"","ast-banner-title-visibility":"","ast-main-header-display":"","ast-hfb-above-header-display":"","ast-hfb-below-header-display":"","ast-hfb-mobile-header-display":"","site-post-title":"","ast-breadcrumbs-content":"","ast-featured-img":"","footer-sml-layout":"","ast-disable-related-posts":"","theme-transparent-header-meta":"default","adv-header-id-meta":"","stick-header-meta":"","header-above-stick-meta":"","header-main-stick-meta":"","header-below-stick-meta":"","astra-migrate-meta-layouts":"default","ast-page-background-enabled":"default","ast-page-background-meta":{"desktop":{"background-color":"","background-image":"","background-repeat":"repeat","background-position":"center center","background-size":"auto","background-attachment":"scroll","background-type":"","background-media":"","overlay-type":"","overlay-color":"","overlay-opacity":"","overlay-gradient":""},"tablet":{"background-color":"","background-image":"","background-repeat":"repeat","background-position":"center center","background-size":"auto","background-attachment":"scroll","background-type":"","background-media":"","overlay-type":"","overlay-color":"","overlay-opacity":"","overlay-gradient":""},"mobile":{"background-color":"","background-image":"","background-repeat":"repeat","background-position":"center center","background-size":"auto","background-attachment":"scroll","background-type":"","background-media":"","overlay-type":"","overlay-color":"","overlay-opacity":"","overlay-gradient":""}},"ast-content-background-meta":{"desktop":{"background-color":"var(--ast-global-color-5)","background-image":"","background-repeat":"repeat","background-position":"center center","background-size":"auto","background-attachment":"scroll","background-type":"","background-media":"","overlay-type":"","overlay-color":"","overlay-opacity":"","overlay-gradient":""},"tablet":{"background-color":"var(--ast-global-color-5)","background-image":"","background-repeat":"repeat","background-position":"center center","background-size":"auto","background-attachment":"scroll","background-type":"","background-media":"","overlay-type":"","overlay-color":"","overlay-opacity":"","overlay-gradient":""},"mobile":{"background-color":"var(--ast-global-color-5)","background-image":"","background-repeat":"repeat","background-position":"center center","background-size":"auto","background-attachment":"scroll","background-type":"","background-media":"","overlay-type":"","overlay-color":"","overlay-opacity":"","overlay-gradient":""}},"footnotes":""},"categories":[5],"tags":[],"class_list":["post-6198","post","type-post","status-publish","format-standard","has-post-thumbnail","hentry","category-noticias"],"yoast_head":"<!-- This site is optimized with the Yoast SEO plugin v27.4 - https:\/\/yoast.com\/product\/yoast-seo-wordpress\/ -->\n<title>Primer Operativo de Cedulaci\u00f3n en Jap\u00f3n - Tokio, Japon - Consulado General de la Rep\u00fablica Dominicana en Tokio, Jap\u00f3n<\/title>\n<meta name=\"robots\" content=\"index, follow, max-snippet:-1, max-image-preview:large, max-video-preview:-1\" \/>\n<link rel=\"canonical\" href=\"https:\/\/jpn.mirex.gob.do\/consular\/tokio\/primer-operativo-de-cedulacion-en-japon-tokio-japon\/\" \/>\n<meta property=\"og:locale\" content=\"en_US\" \/>\n<meta property=\"og:type\" content=\"article\" \/>\n<meta property=\"og:title\" content=\"Primer Operativo de Cedulaci\u00f3n en Jap\u00f3n - Tokio, Japon - Consulado General de la Rep\u00fablica Dominicana en Tokio, Jap\u00f3n\" \/>\n<meta property=\"og:description\" content=\"El 18 de enero del 2021 lleg\u00f3 la C\u00f3nsul General de la Rep\u00fablica Dominicana a Tokio, Jap\u00f3n; antes hab\u00eda tenido igual encomienda en Hong Kong. Cumplido su per\u00edodo de cuarentena, el 1ero de febrero estaba asumiendo su gesti\u00f3n recibiendo y visitando la comunidad, aquilatando en su justa dimensi\u00f3n las mayores necesidades, por supuesto aparecen de [&hellip;]\" \/>\n<meta property=\"og:url\" content=\"https:\/\/jpn.mirex.gob.do\/consular\/tokio\/primer-operativo-de-cedulacion-en-japon-tokio-japon\/\" \/>\n<meta property=\"og:site_name\" content=\"Consulado General de la Rep\u00fablica Dominicana en Tokio, Jap\u00f3n\" \/>\n<meta property=\"article:published_time\" content=\"2022-04-11T20:01:49+00:00\" \/>\n<meta property=\"article:modified_time\" content=\"2022-04-11T20:09:14+00:00\" \/>\n<meta property=\"og:image\" content=\"https:\/\/jpn.mirex.gob.do\/consular\/tokio\/wp-content\/uploads\/2022\/04\/imagen2.jpg\" \/>\n\t<meta property=\"og:image:width\" content=\"1156\" \/>\n\t<meta property=\"og:image:height\" content=\"608\" \/>\n\t<meta property=\"og:image:type\" content=\"image\/jpeg\" \/>\n<meta name=\"author\" content=\"etanaka\" \/>\n<meta name=\"twitter:card\" content=\"summary_large_image\" \/>\n<meta name=\"twitter:label1\" content=\"Written by\" \/>\n\t<meta name=\"twitter:data1\" content=\"etanaka\" \/>\n\t<meta name=\"twitter:label2\" content=\"Est. reading time\" \/>\n\t<meta name=\"twitter:data2\" content=\"3 minutes\" \/>\n<script type=\"application\/ld+json\" class=\"yoast-schema-graph\">{\"@context\":\"https:\\\/\\\/schema.org\",\"@graph\":[{\"@type\":\"Article\",\"@id\":\"https:\\\/\\\/jpn.mirex.gob.do\\\/consular\\\/tokio\\\/primer-operativo-de-cedulacion-en-japon-tokio-japon\\\/#article\",\"isPartOf\":{\"@id\":\"https:\\\/\\\/jpn.mirex.gob.do\\\/consular\\\/tokio\\\/primer-operativo-de-cedulacion-en-japon-tokio-japon\\\/\"},\"author\":{\"name\":\"etanaka\",\"@id\":\"https:\\\/\\\/jpn.mirex.gob.do\\\/consular\\\/tokio\\\/#\\\/schema\\\/person\\\/775ef64f3ad1a2b7f81bf7f364008b49\"},\"headline\":\"Primer Operativo de Cedulaci\u00f3n en Jap\u00f3n &#8211; Tokio, Japon\",\"datePublished\":\"2022-04-11T20:01:49+00:00\",\"dateModified\":\"2022-04-11T20:09:14+00:00\",\"mainEntityOfPage\":{\"@id\":\"https:\\\/\\\/jpn.mirex.gob.do\\\/consular\\\/tokio\\\/primer-operativo-de-cedulacion-en-japon-tokio-japon\\\/\"},\"wordCount\":581,\"publisher\":{\"@id\":\"https:\\\/\\\/jpn.mirex.gob.do\\\/consular\\\/tokio\\\/#organization\"},\"image\":{\"@id\":\"https:\\\/\\\/jpn.mirex.gob.do\\\/consular\\\/tokio\\\/primer-operativo-de-cedulacion-en-japon-tokio-japon\\\/#primaryimage\"},\"thumbnailUrl\":\"https:\\\/\\\/jpn.mirex.gob.do\\\/consular\\\/tokio\\\/wp-content\\\/uploads\\\/2022\\\/04\\\/imagen2.jpg\",\"articleSection\":[\"Noticias\"],\"inLanguage\":\"en-US\"},{\"@type\":\"WebPage\",\"@id\":\"https:\\\/\\\/jpn.mirex.gob.do\\\/consular\\\/tokio\\\/primer-operativo-de-cedulacion-en-japon-tokio-japon\\\/\",\"url\":\"https:\\\/\\\/jpn.mirex.gob.do\\\/consular\\\/tokio\\\/primer-operativo-de-cedulacion-en-japon-tokio-japon\\\/\",\"name\":\"Primer Operativo de Cedulaci\u00f3n en Jap\u00f3n - Tokio, Japon - Consulado General de la Rep\u00fablica Dominicana en Tokio, Jap\u00f3n\",\"isPartOf\":{\"@id\":\"https:\\\/\\\/jpn.mirex.gob.do\\\/consular\\\/tokio\\\/#website\"},\"primaryImageOfPage\":{\"@id\":\"https:\\\/\\\/jpn.mirex.gob.do\\\/consular\\\/tokio\\\/primer-operativo-de-cedulacion-en-japon-tokio-japon\\\/#primaryimage\"},\"image\":{\"@id\":\"https:\\\/\\\/jpn.mirex.gob.do\\\/consular\\\/tokio\\\/primer-operativo-de-cedulacion-en-japon-tokio-japon\\\/#primaryimage\"},\"thumbnailUrl\":\"https:\\\/\\\/jpn.mirex.gob.do\\\/consular\\\/tokio\\\/wp-content\\\/uploads\\\/2022\\\/04\\\/imagen2.jpg\",\"datePublished\":\"2022-04-11T20:01:49+00:00\",\"dateModified\":\"2022-04-11T20:09:14+00:00\",\"breadcrumb\":{\"@id\":\"https:\\\/\\\/jpn.mirex.gob.do\\\/consular\\\/tokio\\\/primer-operativo-de-cedulacion-en-japon-tokio-japon\\\/#breadcrumb\"},\"inLanguage\":\"en-US\",\"potentialAction\":[{\"@type\":\"ReadAction\",\"target\":[\"https:\\\/\\\/jpn.mirex.gob.do\\\/consular\\\/tokio\\\/primer-operativo-de-cedulacion-en-japon-tokio-japon\\\/\"]}]},{\"@type\":\"ImageObject\",\"inLanguage\":\"en-US\",\"@id\":\"https:\\\/\\\/jpn.mirex.gob.do\\\/consular\\\/tokio\\\/primer-operativo-de-cedulacion-en-japon-tokio-japon\\\/#primaryimage\",\"url\":\"https:\\\/\\\/jpn.mirex.gob.do\\\/consular\\\/tokio\\\/wp-content\\\/uploads\\\/2022\\\/04\\\/imagen2.jpg\",\"contentUrl\":\"https:\\\/\\\/jpn.mirex.gob.do\\\/consular\\\/tokio\\\/wp-content\\\/uploads\\\/2022\\\/04\\\/imagen2.jpg\",\"width\":1156,\"height\":608},{\"@type\":\"BreadcrumbList\",\"@id\":\"https:\\\/\\\/jpn.mirex.gob.do\\\/consular\\\/tokio\\\/primer-operativo-de-cedulacion-en-japon-tokio-japon\\\/#breadcrumb\",\"itemListElement\":[{\"@type\":\"ListItem\",\"position\":1,\"name\":\"Inicio\",\"item\":\"https:\\\/\\\/jpn.mirex.gob.do\\\/consular\\\/tokio\\\/\"},{\"@type\":\"ListItem\",\"position\":2,\"name\":\"Primer Operativo de Cedulaci\u00f3n en Jap\u00f3n &#8211; Tokio, Japon\"}]},{\"@type\":\"WebSite\",\"@id\":\"https:\\\/\\\/jpn.mirex.gob.do\\\/consular\\\/tokio\\\/#website\",\"url\":\"https:\\\/\\\/jpn.mirex.gob.do\\\/consular\\\/tokio\\\/\",\"name\":\"Consulado General de la Rep\u00fablica Dominicana en Tokio, Jap\u00f3n\",\"description\":\"\",\"publisher\":{\"@id\":\"https:\\\/\\\/jpn.mirex.gob.do\\\/consular\\\/tokio\\\/#organization\"},\"potentialAction\":[{\"@type\":\"SearchAction\",\"target\":{\"@type\":\"EntryPoint\",\"urlTemplate\":\"https:\\\/\\\/jpn.mirex.gob.do\\\/consular\\\/tokio\\\/?s={search_term_string}\"},\"query-input\":{\"@type\":\"PropertyValueSpecification\",\"valueRequired\":true,\"valueName\":\"search_term_string\"}}],\"inLanguage\":\"en-US\"},{\"@type\":\"Organization\",\"@id\":\"https:\\\/\\\/jpn.mirex.gob.do\\\/consular\\\/tokio\\\/#organization\",\"name\":\"Consulado General de la Rep\u00fablica Dominicana en Tokio, Jap\u00f3n\",\"url\":\"https:\\\/\\\/jpn.mirex.gob.do\\\/consular\\\/tokio\\\/\",\"logo\":{\"@type\":\"ImageObject\",\"inLanguage\":\"en-US\",\"@id\":\"https:\\\/\\\/jpn.mirex.gob.do\\\/consular\\\/tokio\\\/#\\\/schema\\\/logo\\\/image\\\/\",\"url\":\"https:\\\/\\\/jpn.mirex.gob.do\\\/consular\\\/tokio\\\/wp-content\\\/uploads\\\/2021\\\/11\\\/CONSULADO-Tokio-Japon-RD-04.png\",\"contentUrl\":\"https:\\\/\\\/jpn.mirex.gob.do\\\/consular\\\/tokio\\\/wp-content\\\/uploads\\\/2021\\\/11\\\/CONSULADO-Tokio-Japon-RD-04.png\",\"width\":4163,\"height\":1788,\"caption\":\"Consulado General de la Rep\u00fablica Dominicana en Tokio, Jap\u00f3n\"},\"image\":{\"@id\":\"https:\\\/\\\/jpn.mirex.gob.do\\\/consular\\\/tokio\\\/#\\\/schema\\\/logo\\\/image\\\/\"}},{\"@type\":\"Person\",\"@id\":\"https:\\\/\\\/jpn.mirex.gob.do\\\/consular\\\/tokio\\\/#\\\/schema\\\/person\\\/775ef64f3ad1a2b7f81bf7f364008b49\",\"name\":\"etanaka\",\"image\":{\"@type\":\"ImageObject\",\"inLanguage\":\"en-US\",\"@id\":\"https:\\\/\\\/secure.gravatar.com\\\/avatar\\\/abf4276b711ebf324ffb2e2969ae7d8232bb4192c4e0c72c537060fbe396ff16?s=96&d=mm&r=g\",\"url\":\"https:\\\/\\\/secure.gravatar.com\\\/avatar\\\/abf4276b711ebf324ffb2e2969ae7d8232bb4192c4e0c72c537060fbe396ff16?s=96&d=mm&r=g\",\"contentUrl\":\"https:\\\/\\\/secure.gravatar.com\\\/avatar\\\/abf4276b711ebf324ffb2e2969ae7d8232bb4192c4e0c72c537060fbe396ff16?s=96&d=mm&r=g\",\"caption\":\"etanaka\"},\"sameAs\":[\"https:\\\/\\\/etanaka.tk\"]}]}<\/script>\n<!-- \/ Yoast SEO plugin. -->","yoast_head_json":{"title":"Primer Operativo de Cedulaci\u00f3n en Jap\u00f3n - Tokio, Japon - Consulado General de la Rep\u00fablica Dominicana en Tokio, Jap\u00f3n","robots":{"index":"index","follow":"follow","max-snippet":"max-snippet:-1","max-image-preview":"max-image-preview:large","max-video-preview":"max-video-preview:-1"},"canonical":"https:\/\/jpn.mirex.gob.do\/consular\/tokio\/primer-operativo-de-cedulacion-en-japon-tokio-japon\/","og_locale":"en_US","og_type":"article","og_title":"Primer Operativo de Cedulaci\u00f3n en Jap\u00f3n - Tokio, Japon - Consulado General de la Rep\u00fablica Dominicana en Tokio, Jap\u00f3n","og_description":"El 18 de enero del 2021 lleg\u00f3 la C\u00f3nsul General de la Rep\u00fablica Dominicana a Tokio, Jap\u00f3n; antes hab\u00eda tenido igual encomienda en Hong Kong. Cumplido su per\u00edodo de cuarentena, el 1ero de febrero estaba asumiendo su gesti\u00f3n recibiendo y visitando la comunidad, aquilatando en su justa dimensi\u00f3n las mayores necesidades, por supuesto aparecen de [&hellip;]","og_url":"https:\/\/jpn.mirex.gob.do\/consular\/tokio\/primer-operativo-de-cedulacion-en-japon-tokio-japon\/","og_site_name":"Consulado General de la Rep\u00fablica Dominicana en Tokio, Jap\u00f3n","article_published_time":"2022-04-11T20:01:49+00:00","article_modified_time":"2022-04-11T20:09:14+00:00","og_image":[{"width":1156,"height":608,"url":"https:\/\/jpn.mirex.gob.do\/consular\/tokio\/wp-content\/uploads\/2022\/04\/imagen2.jpg","type":"image\/jpeg"}],"author":"etanaka","twitter_card":"summary_large_image","twitter_misc":{"Written by":"etanaka","Est. reading time":"3 minutes"},"schema":{"@context":"https:\/\/schema.org","@graph":[{"@type":"Article","@id":"https:\/\/jpn.mirex.gob.do\/consular\/tokio\/primer-operativo-de-cedulacion-en-japon-tokio-japon\/#article","isPartOf":{"@id":"https:\/\/jpn.mirex.gob.do\/consular\/tokio\/primer-operativo-de-cedulacion-en-japon-tokio-japon\/"},"author":{"name":"etanaka","@id":"https:\/\/jpn.mirex.gob.do\/consular\/tokio\/#\/schema\/person\/775ef64f3ad1a2b7f81bf7f364008b49"},"headline":"Primer Operativo de Cedulaci\u00f3n en Jap\u00f3n &#8211; Tokio, Japon","datePublished":"2022-04-11T20:01:49+00:00","dateModified":"2022-04-11T20:09:14+00:00","mainEntityOfPage":{"@id":"https:\/\/jpn.mirex.gob.do\/consular\/tokio\/primer-operativo-de-cedulacion-en-japon-tokio-japon\/"},"wordCount":581,"publisher":{"@id":"https:\/\/jpn.mirex.gob.do\/consular\/tokio\/#organization"},"image":{"@id":"https:\/\/jpn.mirex.gob.do\/consular\/tokio\/primer-operativo-de-cedulacion-en-japon-tokio-japon\/#primaryimage"},"thumbnailUrl":"https:\/\/jpn.mirex.gob.do\/consular\/tokio\/wp-content\/uploads\/2022\/04\/imagen2.jpg","articleSection":["Noticias"],"inLanguage":"en-US"},{"@type":"WebPage","@id":"https:\/\/jpn.mirex.gob.do\/consular\/tokio\/primer-operativo-de-cedulacion-en-japon-tokio-japon\/","url":"https:\/\/jpn.mirex.gob.do\/consular\/tokio\/primer-operativo-de-cedulacion-en-japon-tokio-japon\/","name":"Primer Operativo de Cedulaci\u00f3n en Jap\u00f3n - Tokio, Japon - Consulado General de la Rep\u00fablica Dominicana en Tokio, Jap\u00f3n","isPartOf":{"@id":"https:\/\/jpn.mirex.gob.do\/consular\/tokio\/#website"},"primaryImageOfPage":{"@id":"https:\/\/jpn.mirex.gob.do\/consular\/tokio\/primer-operativo-de-cedulacion-en-japon-tokio-japon\/#primaryimage"},"image":{"@id":"https:\/\/jpn.mirex.gob.do\/consular\/tokio\/primer-operativo-de-cedulacion-en-japon-tokio-japon\/#primaryimage"},"thumbnailUrl":"https:\/\/jpn.mirex.gob.do\/consular\/tokio\/wp-content\/uploads\/2022\/04\/imagen2.jpg","datePublished":"2022-04-11T20:01:49+00:00","dateModified":"2022-04-11T20:09:14+00:00","breadcrumb":{"@id":"https:\/\/jpn.mirex.gob.do\/consular\/tokio\/primer-operativo-de-cedulacion-en-japon-tokio-japon\/#breadcrumb"},"inLanguage":"en-US","potentialAction":[{"@type":"ReadAction","target":["https:\/\/jpn.mirex.gob.do\/consular\/tokio\/primer-operativo-de-cedulacion-en-japon-tokio-japon\/"]}]},{"@type":"ImageObject","inLanguage":"en-US","@id":"https:\/\/jpn.mirex.gob.do\/consular\/tokio\/primer-operativo-de-cedulacion-en-japon-tokio-japon\/#primaryimage","url":"https:\/\/jpn.mirex.gob.do\/consular\/tokio\/wp-content\/uploads\/2022\/04\/imagen2.jpg","contentUrl":"https:\/\/jpn.mirex.gob.do\/consular\/tokio\/wp-content\/uploads\/2022\/04\/imagen2.jpg","width":1156,"height":608},{"@type":"BreadcrumbList","@id":"https:\/\/jpn.mirex.gob.do\/consular\/tokio\/primer-operativo-de-cedulacion-en-japon-tokio-japon\/#breadcrumb","itemListElement":[{"@type":"ListItem","position":1,"name":"Inicio","item":"https:\/\/jpn.mirex.gob.do\/consular\/tokio\/"},{"@type":"ListItem","position":2,"name":"Primer Operativo de Cedulaci\u00f3n en Jap\u00f3n &#8211; Tokio, Japon"}]},{"@type":"WebSite","@id":"https:\/\/jpn.mirex.gob.do\/consular\/tokio\/#website","url":"https:\/\/jpn.mirex.gob.do\/consular\/tokio\/","name":"Consulado General de la Rep\u00fablica Dominicana en Tokio, Jap\u00f3n","description":"","publisher":{"@id":"https:\/\/jpn.mirex.gob.do\/consular\/tokio\/#organization"},"potentialAction":[{"@type":"SearchAction","target":{"@type":"EntryPoint","urlTemplate":"https:\/\/jpn.mirex.gob.do\/consular\/tokio\/?s={search_term_string}"},"query-input":{"@type":"PropertyValueSpecification","valueRequired":true,"valueName":"search_term_string"}}],"inLanguage":"en-US"},{"@type":"Organization","@id":"https:\/\/jpn.mirex.gob.do\/consular\/tokio\/#organization","name":"Consulado General de la Rep\u00fablica Dominicana en Tokio, Jap\u00f3n","url":"https:\/\/jpn.mirex.gob.do\/consular\/tokio\/","logo":{"@type":"ImageObject","inLanguage":"en-US","@id":"https:\/\/jpn.mirex.gob.do\/consular\/tokio\/#\/schema\/logo\/image\/","url":"https:\/\/jpn.mirex.gob.do\/consular\/tokio\/wp-content\/uploads\/2021\/11\/CONSULADO-Tokio-Japon-RD-04.png","contentUrl":"https:\/\/jpn.mirex.gob.do\/consular\/tokio\/wp-content\/uploads\/2021\/11\/CONSULADO-Tokio-Japon-RD-04.png","width":4163,"height":1788,"caption":"Consulado General de la Rep\u00fablica Dominicana en Tokio, Jap\u00f3n"},"image":{"@id":"https:\/\/jpn.mirex.gob.do\/consular\/tokio\/#\/schema\/logo\/image\/"}},{"@type":"Person","@id":"https:\/\/jpn.mirex.gob.do\/consular\/tokio\/#\/schema\/person\/775ef64f3ad1a2b7f81bf7f364008b49","name":"etanaka","image":{"@type":"ImageObject","inLanguage":"en-US","@id":"https:\/\/secure.gravatar.com\/avatar\/abf4276b711ebf324ffb2e2969ae7d8232bb4192c4e0c72c537060fbe396ff16?s=96&d=mm&r=g","url":"https:\/\/secure.gravatar.com\/avatar\/abf4276b711ebf324ffb2e2969ae7d8232bb4192c4e0c72c537060fbe396ff16?s=96&d=mm&r=g","contentUrl":"https:\/\/secure.gravatar.com\/avatar\/abf4276b711ebf324ffb2e2969ae7d8232bb4192c4e0c72c537060fbe396ff16?s=96&d=mm&r=g","caption":"etanaka"},"sameAs":["https:\/\/etanaka.tk"]}]}},"_links":{"self":[{"href":"https:\/\/jpn.mirex.gob.do\/consular\/tokio\/wp-json\/wp\/v2\/posts\/6198","targetHints":{"allow":["GET"]}}],"collection":[{"href":"https:\/\/jpn.mirex.gob.do\/consular\/tokio\/wp-json\/wp\/v2\/posts"}],"about":[{"href":"https:\/\/jpn.mirex.gob.do\/consular\/tokio\/wp-json\/wp\/v2\/types\/post"}],"author":[{"embeddable":true,"href":"https:\/\/jpn.mirex.gob.do\/consular\/tokio\/wp-json\/wp\/v2\/users\/1"}],"replies":[{"embeddable":true,"href":"https:\/\/jpn.mirex.gob.do\/consular\/tokio\/wp-json\/wp\/v2\/comments?post=6198"}],"version-history":[{"count":7,"href":"https:\/\/jpn.mirex.gob.do\/consular\/tokio\/wp-json\/wp\/v2\/posts\/6198\/revisions"}],"predecessor-version":[{"id":6207,"href":"https:\/\/jpn.mirex.gob.do\/consular\/tokio\/wp-json\/wp\/v2\/posts\/6198\/revisions\/6207"}],"wp:featuredmedia":[{"embeddable":true,"href":"https:\/\/jpn.mirex.gob.do\/consular\/tokio\/wp-json\/wp\/v2\/media\/6206"}],"wp:attachment":[{"href":"https:\/\/jpn.mirex.gob.do\/consular\/tokio\/wp-json\/wp\/v2\/media?parent=6198"}],"wp:term":[{"taxonomy":"category","embeddable":true,"href":"https:\/\/jpn.mirex.gob.do\/consular\/tokio\/wp-json\/wp\/v2\/categories?post=6198"},{"taxonomy":"post_tag","embeddable":true,"href":"https:\/\/jpn.mirex.gob.do\/consular\/tokio\/wp-json\/wp\/v2\/tags?post=6198"}],"curies":[{"name":"wp","href":"https:\/\/api.w.org\/{rel}","templated":true}]}}