{"id":6229,"date":"2022-04-18T14:07:40","date_gmt":"2022-04-18T14:07:40","guid":{"rendered":"https:\/\/jpn.mirex.gob.do\/consular\/tokio\/?p=6229"},"modified":"2022-04-18T14:11:50","modified_gmt":"2022-04-18T14:11:50","slug":"dominicanos-por-primera-vez-podran-renovar-cedula-identidad-y-electoral-en-japon","status":"publish","type":"post","link":"https:\/\/jpn.mirex.gob.do\/consular\/tokio\/dominicanos-por-primera-vez-podran-renovar-cedula-identidad-y-electoral-en-japon\/","title":{"rendered":"Dominicanos por primera vez podr\u00e1n renovar c\u00e9dula identidad y electoral en Jap\u00f3n"},"content":{"rendered":"\t\t<div data-elementor-type=\"wp-post\" data-elementor-id=\"6229\" class=\"elementor elementor-6229\" data-elementor-post-type=\"post\">\n\t\t\t\t\t\t<section class=\"elementor-section elementor-top-section elementor-element elementor-element-4f06d12e elementor-section-boxed elementor-section-height-default elementor-section-height-default\" data-id=\"4f06d12e\" data-element_type=\"section\" data-e-type=\"section\">\n\t\t\t\t\t\t<div class=\"elementor-container elementor-column-gap-default\">\n\t\t\t\t\t<div class=\"elementor-column elementor-col-100 elementor-top-column elementor-element elementor-element-2377bb6f\" data-id=\"2377bb6f\" data-element_type=\"column\" data-e-type=\"column\">\n\t\t\t<div class=\"elementor-widget-wrap elementor-element-populated\">\n\t\t\t\t\t\t<div class=\"elementor-element elementor-element-3ecceab8 elementor-widget elementor-widget-text-editor\" data-id=\"3ecceab8\" data-element_type=\"widget\" data-e-type=\"widget\" data-widget_type=\"text-editor.default\">\n\t\t\t\t<div class=\"elementor-widget-container\">\n\t\t\t\t\t\t\t\t\t<p>Por Jhonny Trinidad<\/p><p>JAPON.- Por primera vez en la historia los dominicanos residentes en Jap\u00f3n podr\u00e1n renovar su c\u00e9dula de identificaci\u00f3n y electoral en territorio nip\u00f3n, gracias a la iniciativa, tenacidad y persistencia de la c\u00f3nsul de la Rep\u00fablica Dominicana en ese pa\u00eds asi\u00e1tico, Betsaira Cabrera Raful.<\/p><p>Una nota de la oficina de la diplom\u00e1tica indica que el operativo comenzar\u00e1 el s\u00e1bado 23 de abril y culminar\u00e1 el d\u00eda 30 de ese mismo mes.<\/p><p>Cabrera Raful explic\u00f3 que &#8220;se trata de un inmenso logro, ya que para solicitar empleos en Jap\u00f3n es imprescindibles que los dominicanos tengan su c\u00e9dula y pasaporte vigentes&#8221;.<\/p><p>Record\u00f3 que en marzo organiz\u00f3 un encuentro y un preoperativo de cedulaci\u00f3n en Kanagawa, la ciudad donde reside el mayor n\u00famero de dominicanos en Jap\u00f3n. &#8220;En esa actividad nuestros compatriotas expusieron las vicisitudes que han tenido que enfrentar cuando sus documentos expiran&#8221;, declar\u00f3.<\/p><p>&#8220;Manejarse en un pa\u00eds como Jap\u00f3n con documentos expirados es sumamente complicado, por lo que desde que llegamos a esta sede pusimos todos nuestros recursos y empe\u00f1o para lograr este hist\u00f3rico operativo, que deseamos sea aprovechado por nuestros compatriotas&#8221;, expres\u00f3.<\/p><p>Manifest\u00f3 que &#8220;luego de casi un a\u00f1o de coordinaci\u00f3n con la Junta Central Electoral, las canciller\u00edas y embajadas de Rep\u00fablica Dominicana y Jap\u00f3n, las autoridades japonesas de Migraci\u00f3n finalmente permitir\u00e1n la entrada de los t\u00e9cnicos del organismo comicial, quienes junto al Consulado Dominicano en Tokio, que ha puesto \u00e9nfasis en cada detalles de esta log\u00edstica,\u00a0 pondr\u00e1n en marcha este importante e hist\u00f3rico operativo&#8221;.<\/p>\t\t\t\t\t\t\t\t<\/div>\n\t\t\t\t<\/div>\n\t\t\t\t<div class=\"elementor-element elementor-element-28277e7 elementor-widget elementor-widget-gallery\" data-id=\"28277e7\" data-element_type=\"widget\" data-e-type=\"widget\" data-settings=\"{&quot;columns&quot;:2,&quot;lazyload&quot;:&quot;yes&quot;,&quot;gallery_layout&quot;:&quot;grid&quot;,&quot;columns_tablet&quot;:2,&quot;columns_mobile&quot;:1,&quot;gap&quot;:{&quot;unit&quot;:&quot;px&quot;,&quot;size&quot;:10,&quot;sizes&quot;:[]},&quot;gap_tablet&quot;:{&quot;unit&quot;:&quot;px&quot;,&quot;size&quot;:10,&quot;sizes&quot;:[]},&quot;gap_mobile&quot;:{&quot;unit&quot;:&quot;px&quot;,&quot;size&quot;:10,&quot;sizes&quot;:[]},&quot;link_to&quot;:&quot;file&quot;,&quot;aspect_ratio&quot;:&quot;3:2&quot;,&quot;overlay_background&quot;:&quot;yes&quot;,&quot;content_hover_animation&quot;:&quot;fade-in&quot;}\" data-widget_type=\"gallery.default\">\n\t\t\t\t<div class=\"elementor-widget-container\">\n\t\t\t\t\t\t\t<div class=\"elementor-gallery__container\">\n\t\t\t\t\t\t\t<a class=\"e-gallery-item elementor-gallery-item elementor-animated-content\" href=\"https:\/\/jpn.mirex.gob.do\/consular\/tokio\/wp-content\/uploads\/2022\/04\/IMG-20210527-WA0106.jpg\" data-elementor-open-lightbox=\"yes\" data-elementor-lightbox-slideshow=\"28277e7\" data-elementor-lightbox-title=\"IMG-20210527-WA0106\" data-e-action-hash=\"#elementor-action%3Aaction%3Dlightbox%26settings%3DeyJpZCI6NjIzMiwidXJsIjoiaHR0cHM6XC9cL2pwbi5taXJleC5nb2IuZG9cL2NvbnN1bGFyXC90b2tpb1wvd3AtY29udGVudFwvdXBsb2Fkc1wvMjAyMlwvMDRcL0lNRy0yMDIxMDUyNy1XQTAxMDYuanBnIiwic2xpZGVzaG93IjoiMjgyNzdlNyJ9\">\n\t\t\t\t\t<div class=\"e-gallery-image elementor-gallery-item__image\" data-thumbnail=\"https:\/\/jpn.mirex.gob.do\/consular\/tokio\/wp-content\/uploads\/2022\/04\/IMG-20210527-WA0106-300x200.jpg\" data-width=\"300\" data-height=\"200\" aria-label=\"\" role=\"img\" ><\/div>\n\t\t\t\t\t\t\t\t\t\t\t<div class=\"elementor-gallery-item__overlay\"><\/div>\n\t\t\t\t\t\t\t\t\t\t\t\t\t\t<\/a>\n\t\t\t\t\t\t\t<a class=\"e-gallery-item elementor-gallery-item elementor-animated-content\" href=\"https:\/\/jpn.mirex.gob.do\/consular\/tokio\/wp-content\/uploads\/2022\/04\/IMG-20210527-WA0050.jpg\" data-elementor-open-lightbox=\"yes\" data-elementor-lightbox-slideshow=\"28277e7\" data-elementor-lightbox-title=\"IMG-20210527-WA0050\" data-e-action-hash=\"#elementor-action%3Aaction%3Dlightbox%26settings%3DeyJpZCI6NjIzNSwidXJsIjoiaHR0cHM6XC9cL2pwbi5taXJleC5nb2IuZG9cL2NvbnN1bGFyXC90b2tpb1wvd3AtY29udGVudFwvdXBsb2Fkc1wvMjAyMlwvMDRcL0lNRy0yMDIxMDUyNy1XQTAwNTAuanBnIiwic2xpZGVzaG93IjoiMjgyNzdlNyJ9\">\n\t\t\t\t\t<div class=\"e-gallery-image elementor-gallery-item__image\" data-thumbnail=\"https:\/\/jpn.mirex.gob.do\/consular\/tokio\/wp-content\/uploads\/2022\/04\/IMG-20210527-WA0050-300x225.jpg\" data-width=\"300\" data-height=\"225\" aria-label=\"\" role=\"img\" ><\/div>\n\t\t\t\t\t\t\t\t\t\t\t<div class=\"elementor-gallery-item__overlay\"><\/div>\n\t\t\t\t\t\t\t\t\t\t\t\t\t\t<\/a>\n\t\t\t\t\t\t\t<a class=\"e-gallery-item elementor-gallery-item elementor-animated-content\" href=\"https:\/\/jpn.mirex.gob.do\/consular\/tokio\/wp-content\/uploads\/2022\/04\/IMG-20210607-WA0103.jpg\" data-elementor-open-lightbox=\"yes\" data-elementor-lightbox-slideshow=\"28277e7\" data-elementor-lightbox-title=\"IMG-20210607-WA0103\" data-e-action-hash=\"#elementor-action%3Aaction%3Dlightbox%26settings%3DeyJpZCI6NjIzNiwidXJsIjoiaHR0cHM6XC9cL2pwbi5taXJleC5nb2IuZG9cL2NvbnN1bGFyXC90b2tpb1wvd3AtY29udGVudFwvdXBsb2Fkc1wvMjAyMlwvMDRcL0lNRy0yMDIxMDYwNy1XQTAxMDMuanBnIiwic2xpZGVzaG93IjoiMjgyNzdlNyJ9\">\n\t\t\t\t\t<div class=\"e-gallery-image elementor-gallery-item__image\" data-thumbnail=\"https:\/\/jpn.mirex.gob.do\/consular\/tokio\/wp-content\/uploads\/2022\/04\/IMG-20210607-WA0103-225x300.jpg\" data-width=\"225\" data-height=\"300\" aria-label=\"\" role=\"img\" ><\/div>\n\t\t\t\t\t\t\t\t\t\t\t<div class=\"elementor-gallery-item__overlay\"><\/div>\n\t\t\t\t\t\t\t\t\t\t\t\t\t\t<\/a>\n\t\t\t\t\t\t\t<a class=\"e-gallery-item elementor-gallery-item elementor-animated-content\" href=\"https:\/\/jpn.mirex.gob.do\/consular\/tokio\/wp-content\/uploads\/2022\/04\/IMG-20210308-WA0086.jpg\" data-elementor-open-lightbox=\"yes\" data-elementor-lightbox-slideshow=\"28277e7\" data-elementor-lightbox-title=\"IMG-20210308-WA0086\" data-e-action-hash=\"#elementor-action%3Aaction%3Dlightbox%26settings%3DeyJpZCI6NjIzNCwidXJsIjoiaHR0cHM6XC9cL2pwbi5taXJleC5nb2IuZG9cL2NvbnN1bGFyXC90b2tpb1wvd3AtY29udGVudFwvdXBsb2Fkc1wvMjAyMlwvMDRcL0lNRy0yMDIxMDMwOC1XQTAwODYuanBnIiwic2xpZGVzaG93IjoiMjgyNzdlNyJ9\">\n\t\t\t\t\t<div class=\"e-gallery-image elementor-gallery-item__image\" data-thumbnail=\"https:\/\/jpn.mirex.gob.do\/consular\/tokio\/wp-content\/uploads\/2022\/04\/IMG-20210308-WA0086-300x225.jpg\" data-width=\"300\" data-height=\"225\" aria-label=\"\" role=\"img\" ><\/div>\n\t\t\t\t\t\t\t\t\t\t\t<div class=\"elementor-gallery-item__overlay\"><\/div>\n\t\t\t\t\t\t\t\t\t\t\t\t\t\t<\/a>\n\t\t\t\t\t<\/div>\n\t\t\t\t\t<\/div>\n\t\t\t\t<\/div>\n\t\t\t\t\t<\/div>\n\t\t<\/div>\n\t\t\t\t\t<\/div>\n\t\t<\/section>\n\t\t\t\t<\/div>\n\t\t","protected":false},"excerpt":{"rendered":"<p>Por Jhonny Trinidad JAPON.- Por primera vez en la historia los dominicanos residentes en Jap\u00f3n podr\u00e1n renovar su c\u00e9dula de identificaci\u00f3n y electoral en territorio nip\u00f3n, gracias a la iniciativa, tenacidad y persistencia de la c\u00f3nsul de la Rep\u00fablica Dominicana en ese pa\u00eds asi\u00e1tico, Betsaira Cabrera Raful. Una nota de la oficina de la diplom\u00e1tica [&hellip;]<\/p>\n","protected":false},"author":1,"featured_media":6230,"comment_status":"closed","ping_status":"open","sticky":false,"template":"","format":"standard","meta":{"site-sidebar-layout":"default","site-content-layout":"default","ast-site-content-layout":"default","site-content-style":"default","site-sidebar-style":"default","ast-global-header-display":"","ast-banner-title-visibility":"","ast-main-header-display":"","ast-hfb-above-header-display":"","ast-hfb-below-header-display":"","ast-hfb-mobile-header-display":"","site-post-title":"","ast-breadcrumbs-content":"","ast-featured-img":"","footer-sml-layout":"","ast-disable-related-posts":"","theme-transparent-header-meta":"default","adv-header-id-meta":"","stick-header-meta":"","header-above-stick-meta":"","header-main-stick-meta":"","header-below-stick-meta":"","astra-migrate-meta-layouts":"default","ast-page-background-enabled":"default","ast-page-background-meta":{"desktop":{"background-color":"","background-image":"","background-repeat":"repeat","background-position":"center center","background-size":"auto","background-attachment":"scroll","background-type":"","background-media":"","overlay-type":"","overlay-color":"","overlay-opacity":"","overlay-gradient":""},"tablet":{"background-color":"","background-image":"","background-repeat":"repeat","background-position":"center center","background-size":"auto","background-attachment":"scroll","background-type":"","background-media":"","overlay-type":"","overlay-color":"","overlay-opacity":"","overlay-gradient":""},"mobile":{"background-color":"","background-image":"","background-repeat":"repeat","background-position":"center center","background-size":"auto","background-attachment":"scroll","background-type":"","background-media":"","overlay-type":"","overlay-color":"","overlay-opacity":"","overlay-gradient":""}},"ast-content-background-meta":{"desktop":{"background-color":"var(--ast-global-color-5)","background-image":"","background-repeat":"repeat","background-position":"center center","background-size":"auto","background-attachment":"scroll","background-type":"","background-media":"","overlay-type":"","overlay-color":"","overlay-opacity":"","overlay-gradient":""},"tablet":{"background-color":"var(--ast-global-color-5)","background-image":"","background-repeat":"repeat","background-position":"center center","background-size":"auto","background-attachment":"scroll","background-type":"","background-media":"","overlay-type":"","overlay-color":"","overlay-opacity":"","overlay-gradient":""},"mobile":{"background-color":"var(--ast-global-color-5)","background-image":"","background-repeat":"repeat","background-position":"center center","background-size":"auto","background-attachment":"scroll","background-type":"","background-media":"","overlay-type":"","overlay-color":"","overlay-opacity":"","overlay-gradient":""}},"footnotes":""},"categories":[5],"tags":[],"class_list":["post-6229","post","type-post","status-publish","format-standard","has-post-thumbnail","hentry","category-noticias"],"yoast_head":"<!-- This site is optimized with the Yoast SEO plugin v27.4 - https:\/\/yoast.com\/product\/yoast-seo-wordpress\/ -->\n<title>Dominicanos por primera vez podr\u00e1n renovar c\u00e9dula identidad y electoral en Jap\u00f3n - Consulado General de la Rep\u00fablica Dominicana en Tokio, Jap\u00f3n<\/title>\n<meta name=\"robots\" content=\"index, follow, max-snippet:-1, max-image-preview:large, max-video-preview:-1\" \/>\n<link rel=\"canonical\" href=\"https:\/\/jpn.mirex.gob.do\/consular\/tokio\/dominicanos-por-primera-vez-podran-renovar-cedula-identidad-y-electoral-en-japon\/\" \/>\n<meta property=\"og:locale\" content=\"en_US\" \/>\n<meta property=\"og:type\" content=\"article\" \/>\n<meta property=\"og:title\" content=\"Dominicanos por primera vez podr\u00e1n renovar c\u00e9dula identidad y electoral en Jap\u00f3n - Consulado General de la Rep\u00fablica Dominicana en Tokio, Jap\u00f3n\" \/>\n<meta property=\"og:description\" content=\"Por Jhonny Trinidad JAPON.- Por primera vez en la historia los dominicanos residentes en Jap\u00f3n podr\u00e1n renovar su c\u00e9dula de identificaci\u00f3n y electoral en territorio nip\u00f3n, gracias a la iniciativa, tenacidad y persistencia de la c\u00f3nsul de la Rep\u00fablica Dominicana en ese pa\u00eds asi\u00e1tico, Betsaira Cabrera Raful. Una nota de la oficina de la diplom\u00e1tica [&hellip;]\" \/>\n<meta property=\"og:url\" content=\"https:\/\/jpn.mirex.gob.do\/consular\/tokio\/dominicanos-por-primera-vez-podran-renovar-cedula-identidad-y-electoral-en-japon\/\" \/>\n<meta property=\"og:site_name\" content=\"Consulado General de la Rep\u00fablica Dominicana en Tokio, Jap\u00f3n\" \/>\n<meta property=\"article:published_time\" content=\"2022-04-18T14:07:40+00:00\" \/>\n<meta property=\"article:modified_time\" content=\"2022-04-18T14:11:50+00:00\" \/>\n<meta property=\"og:image\" content=\"https:\/\/jpn.mirex.gob.do\/consular\/tokio\/wp-content\/uploads\/2022\/04\/IMG-20210607-WA0076.jpg\" \/>\n\t<meta property=\"og:image:width\" content=\"1600\" \/>\n\t<meta property=\"og:image:height\" content=\"1200\" \/>\n\t<meta property=\"og:image:type\" content=\"image\/jpeg\" \/>\n<meta name=\"author\" content=\"etanaka\" \/>\n<meta name=\"twitter:card\" content=\"summary_large_image\" \/>\n<meta name=\"twitter:label1\" content=\"Written by\" \/>\n\t<meta name=\"twitter:data1\" content=\"etanaka\" \/>\n\t<meta name=\"twitter:label2\" content=\"Est. reading time\" \/>\n\t<meta name=\"twitter:data2\" content=\"2 minutes\" \/>\n<script type=\"application\/ld+json\" class=\"yoast-schema-graph\">{\"@context\":\"https:\\\/\\\/schema.org\",\"@graph\":[{\"@type\":\"Article\",\"@id\":\"https:\\\/\\\/jpn.mirex.gob.do\\\/consular\\\/tokio\\\/dominicanos-por-primera-vez-podran-renovar-cedula-identidad-y-electoral-en-japon\\\/#article\",\"isPartOf\":{\"@id\":\"https:\\\/\\\/jpn.mirex.gob.do\\\/consular\\\/tokio\\\/dominicanos-por-primera-vez-podran-renovar-cedula-identidad-y-electoral-en-japon\\\/\"},\"author\":{\"name\":\"etanaka\",\"@id\":\"https:\\\/\\\/jpn.mirex.gob.do\\\/consular\\\/tokio\\\/#\\\/schema\\\/person\\\/775ef64f3ad1a2b7f81bf7f364008b49\"},\"headline\":\"Dominicanos por primera vez podr\u00e1n renovar c\u00e9dula identidad y electoral en Jap\u00f3n\",\"datePublished\":\"2022-04-18T14:07:40+00:00\",\"dateModified\":\"2022-04-18T14:11:50+00:00\",\"mainEntityOfPage\":{\"@id\":\"https:\\\/\\\/jpn.mirex.gob.do\\\/consular\\\/tokio\\\/dominicanos-por-primera-vez-podran-renovar-cedula-identidad-y-electoral-en-japon\\\/\"},\"wordCount\":294,\"publisher\":{\"@id\":\"https:\\\/\\\/jpn.mirex.gob.do\\\/consular\\\/tokio\\\/#organization\"},\"image\":{\"@id\":\"https:\\\/\\\/jpn.mirex.gob.do\\\/consular\\\/tokio\\\/dominicanos-por-primera-vez-podran-renovar-cedula-identidad-y-electoral-en-japon\\\/#primaryimage\"},\"thumbnailUrl\":\"https:\\\/\\\/jpn.mirex.gob.do\\\/consular\\\/tokio\\\/wp-content\\\/uploads\\\/2022\\\/04\\\/IMG-20210607-WA0076.jpg\",\"articleSection\":[\"Noticias\"],\"inLanguage\":\"en-US\"},{\"@type\":\"WebPage\",\"@id\":\"https:\\\/\\\/jpn.mirex.gob.do\\\/consular\\\/tokio\\\/dominicanos-por-primera-vez-podran-renovar-cedula-identidad-y-electoral-en-japon\\\/\",\"url\":\"https:\\\/\\\/jpn.mirex.gob.do\\\/consular\\\/tokio\\\/dominicanos-por-primera-vez-podran-renovar-cedula-identidad-y-electoral-en-japon\\\/\",\"name\":\"Dominicanos por primera vez podr\u00e1n renovar c\u00e9dula identidad y electoral en Jap\u00f3n - Consulado General de la Rep\u00fablica Dominicana en Tokio, Jap\u00f3n\",\"isPartOf\":{\"@id\":\"https:\\\/\\\/jpn.mirex.gob.do\\\/consular\\\/tokio\\\/#website\"},\"primaryImageOfPage\":{\"@id\":\"https:\\\/\\\/jpn.mirex.gob.do\\\/consular\\\/tokio\\\/dominicanos-por-primera-vez-podran-renovar-cedula-identidad-y-electoral-en-japon\\\/#primaryimage\"},\"image\":{\"@id\":\"https:\\\/\\\/jpn.mirex.gob.do\\\/consular\\\/tokio\\\/dominicanos-por-primera-vez-podran-renovar-cedula-identidad-y-electoral-en-japon\\\/#primaryimage\"},\"thumbnailUrl\":\"https:\\\/\\\/jpn.mirex.gob.do\\\/consular\\\/tokio\\\/wp-content\\\/uploads\\\/2022\\\/04\\\/IMG-20210607-WA0076.jpg\",\"datePublished\":\"2022-04-18T14:07:40+00:00\",\"dateModified\":\"2022-04-18T14:11:50+00:00\",\"breadcrumb\":{\"@id\":\"https:\\\/\\\/jpn.mirex.gob.do\\\/consular\\\/tokio\\\/dominicanos-por-primera-vez-podran-renovar-cedula-identidad-y-electoral-en-japon\\\/#breadcrumb\"},\"inLanguage\":\"en-US\",\"potentialAction\":[{\"@type\":\"ReadAction\",\"target\":[\"https:\\\/\\\/jpn.mirex.gob.do\\\/consular\\\/tokio\\\/dominicanos-por-primera-vez-podran-renovar-cedula-identidad-y-electoral-en-japon\\\/\"]}]},{\"@type\":\"ImageObject\",\"inLanguage\":\"en-US\",\"@id\":\"https:\\\/\\\/jpn.mirex.gob.do\\\/consular\\\/tokio\\\/dominicanos-por-primera-vez-podran-renovar-cedula-identidad-y-electoral-en-japon\\\/#primaryimage\",\"url\":\"https:\\\/\\\/jpn.mirex.gob.do\\\/consular\\\/tokio\\\/wp-content\\\/uploads\\\/2022\\\/04\\\/IMG-20210607-WA0076.jpg\",\"contentUrl\":\"https:\\\/\\\/jpn.mirex.gob.do\\\/consular\\\/tokio\\\/wp-content\\\/uploads\\\/2022\\\/04\\\/IMG-20210607-WA0076.jpg\",\"width\":1600,\"height\":1200},{\"@type\":\"BreadcrumbList\",\"@id\":\"https:\\\/\\\/jpn.mirex.gob.do\\\/consular\\\/tokio\\\/dominicanos-por-primera-vez-podran-renovar-cedula-identidad-y-electoral-en-japon\\\/#breadcrumb\",\"itemListElement\":[{\"@type\":\"ListItem\",\"position\":1,\"name\":\"Inicio\",\"item\":\"https:\\\/\\\/jpn.mirex.gob.do\\\/consular\\\/tokio\\\/\"},{\"@type\":\"ListItem\",\"position\":2,\"name\":\"Dominicanos por primera vez podr\u00e1n renovar c\u00e9dula identidad y electoral en Jap\u00f3n\"}]},{\"@type\":\"WebSite\",\"@id\":\"https:\\\/\\\/jpn.mirex.gob.do\\\/consular\\\/tokio\\\/#website\",\"url\":\"https:\\\/\\\/jpn.mirex.gob.do\\\/consular\\\/tokio\\\/\",\"name\":\"Consulado General de la Rep\u00fablica Dominicana en Tokio, Jap\u00f3n\",\"description\":\"\",\"publisher\":{\"@id\":\"https:\\\/\\\/jpn.mirex.gob.do\\\/consular\\\/tokio\\\/#organization\"},\"potentialAction\":[{\"@type\":\"SearchAction\",\"target\":{\"@type\":\"EntryPoint\",\"urlTemplate\":\"https:\\\/\\\/jpn.mirex.gob.do\\\/consular\\\/tokio\\\/?s={search_term_string}\"},\"query-input\":{\"@type\":\"PropertyValueSpecification\",\"valueRequired\":true,\"valueName\":\"search_term_string\"}}],\"inLanguage\":\"en-US\"},{\"@type\":\"Organization\",\"@id\":\"https:\\\/\\\/jpn.mirex.gob.do\\\/consular\\\/tokio\\\/#organization\",\"name\":\"Consulado General de la Rep\u00fablica Dominicana en Tokio, Jap\u00f3n\",\"url\":\"https:\\\/\\\/jpn.mirex.gob.do\\\/consular\\\/tokio\\\/\",\"logo\":{\"@type\":\"ImageObject\",\"inLanguage\":\"en-US\",\"@id\":\"https:\\\/\\\/jpn.mirex.gob.do\\\/consular\\\/tokio\\\/#\\\/schema\\\/logo\\\/image\\\/\",\"url\":\"https:\\\/\\\/jpn.mirex.gob.do\\\/consular\\\/tokio\\\/wp-content\\\/uploads\\\/2021\\\/11\\\/CONSULADO-Tokio-Japon-RD-04.png\",\"contentUrl\":\"https:\\\/\\\/jpn.mirex.gob.do\\\/consular\\\/tokio\\\/wp-content\\\/uploads\\\/2021\\\/11\\\/CONSULADO-Tokio-Japon-RD-04.png\",\"width\":4163,\"height\":1788,\"caption\":\"Consulado General de la Rep\u00fablica Dominicana en Tokio, Jap\u00f3n\"},\"image\":{\"@id\":\"https:\\\/\\\/jpn.mirex.gob.do\\\/consular\\\/tokio\\\/#\\\/schema\\\/logo\\\/image\\\/\"}},{\"@type\":\"Person\",\"@id\":\"https:\\\/\\\/jpn.mirex.gob.do\\\/consular\\\/tokio\\\/#\\\/schema\\\/person\\\/775ef64f3ad1a2b7f81bf7f364008b49\",\"name\":\"etanaka\",\"image\":{\"@type\":\"ImageObject\",\"inLanguage\":\"en-US\",\"@id\":\"https:\\\/\\\/secure.gravatar.com\\\/avatar\\\/abf4276b711ebf324ffb2e2969ae7d8232bb4192c4e0c72c537060fbe396ff16?s=96&d=mm&r=g\",\"url\":\"https:\\\/\\\/secure.gravatar.com\\\/avatar\\\/abf4276b711ebf324ffb2e2969ae7d8232bb4192c4e0c72c537060fbe396ff16?s=96&d=mm&r=g\",\"contentUrl\":\"https:\\\/\\\/secure.gravatar.com\\\/avatar\\\/abf4276b711ebf324ffb2e2969ae7d8232bb4192c4e0c72c537060fbe396ff16?s=96&d=mm&r=g\",\"caption\":\"etanaka\"},\"sameAs\":[\"https:\\\/\\\/etanaka.tk\"]}]}<\/script>\n<!-- \/ Yoast SEO plugin. -->","yoast_head_json":{"title":"Dominicanos por primera vez podr\u00e1n renovar c\u00e9dula identidad y electoral en Jap\u00f3n - Consulado General de la Rep\u00fablica Dominicana en Tokio, Jap\u00f3n","robots":{"index":"index","follow":"follow","max-snippet":"max-snippet:-1","max-image-preview":"max-image-preview:large","max-video-preview":"max-video-preview:-1"},"canonical":"https:\/\/jpn.mirex.gob.do\/consular\/tokio\/dominicanos-por-primera-vez-podran-renovar-cedula-identidad-y-electoral-en-japon\/","og_locale":"en_US","og_type":"article","og_title":"Dominicanos por primera vez podr\u00e1n renovar c\u00e9dula identidad y electoral en Jap\u00f3n - Consulado General de la Rep\u00fablica Dominicana en Tokio, Jap\u00f3n","og_description":"Por Jhonny Trinidad JAPON.- Por primera vez en la historia los dominicanos residentes en Jap\u00f3n podr\u00e1n renovar su c\u00e9dula de identificaci\u00f3n y electoral en territorio nip\u00f3n, gracias a la iniciativa, tenacidad y persistencia de la c\u00f3nsul de la Rep\u00fablica Dominicana en ese pa\u00eds asi\u00e1tico, Betsaira Cabrera Raful. Una nota de la oficina de la diplom\u00e1tica [&hellip;]","og_url":"https:\/\/jpn.mirex.gob.do\/consular\/tokio\/dominicanos-por-primera-vez-podran-renovar-cedula-identidad-y-electoral-en-japon\/","og_site_name":"Consulado General de la Rep\u00fablica Dominicana en Tokio, Jap\u00f3n","article_published_time":"2022-04-18T14:07:40+00:00","article_modified_time":"2022-04-18T14:11:50+00:00","og_image":[{"width":1600,"height":1200,"url":"https:\/\/jpn.mirex.gob.do\/consular\/tokio\/wp-content\/uploads\/2022\/04\/IMG-20210607-WA0076.jpg","type":"image\/jpeg"}],"author":"etanaka","twitter_card":"summary_large_image","twitter_misc":{"Written by":"etanaka","Est. reading time":"2 minutes"},"schema":{"@context":"https:\/\/schema.org","@graph":[{"@type":"Article","@id":"https:\/\/jpn.mirex.gob.do\/consular\/tokio\/dominicanos-por-primera-vez-podran-renovar-cedula-identidad-y-electoral-en-japon\/#article","isPartOf":{"@id":"https:\/\/jpn.mirex.gob.do\/consular\/tokio\/dominicanos-por-primera-vez-podran-renovar-cedula-identidad-y-electoral-en-japon\/"},"author":{"name":"etanaka","@id":"https:\/\/jpn.mirex.gob.do\/consular\/tokio\/#\/schema\/person\/775ef64f3ad1a2b7f81bf7f364008b49"},"headline":"Dominicanos por primera vez podr\u00e1n renovar c\u00e9dula identidad y electoral en Jap\u00f3n","datePublished":"2022-04-18T14:07:40+00:00","dateModified":"2022-04-18T14:11:50+00:00","mainEntityOfPage":{"@id":"https:\/\/jpn.mirex.gob.do\/consular\/tokio\/dominicanos-por-primera-vez-podran-renovar-cedula-identidad-y-electoral-en-japon\/"},"wordCount":294,"publisher":{"@id":"https:\/\/jpn.mirex.gob.do\/consular\/tokio\/#organization"},"image":{"@id":"https:\/\/jpn.mirex.gob.do\/consular\/tokio\/dominicanos-por-primera-vez-podran-renovar-cedula-identidad-y-electoral-en-japon\/#primaryimage"},"thumbnailUrl":"https:\/\/jpn.mirex.gob.do\/consular\/tokio\/wp-content\/uploads\/2022\/04\/IMG-20210607-WA0076.jpg","articleSection":["Noticias"],"inLanguage":"en-US"},{"@type":"WebPage","@id":"https:\/\/jpn.mirex.gob.do\/consular\/tokio\/dominicanos-por-primera-vez-podran-renovar-cedula-identidad-y-electoral-en-japon\/","url":"https:\/\/jpn.mirex.gob.do\/consular\/tokio\/dominicanos-por-primera-vez-podran-renovar-cedula-identidad-y-electoral-en-japon\/","name":"Dominicanos por primera vez podr\u00e1n renovar c\u00e9dula identidad y electoral en Jap\u00f3n - Consulado General de la Rep\u00fablica Dominicana en Tokio, Jap\u00f3n","isPartOf":{"@id":"https:\/\/jpn.mirex.gob.do\/consular\/tokio\/#website"},"primaryImageOfPage":{"@id":"https:\/\/jpn.mirex.gob.do\/consular\/tokio\/dominicanos-por-primera-vez-podran-renovar-cedula-identidad-y-electoral-en-japon\/#primaryimage"},"image":{"@id":"https:\/\/jpn.mirex.gob.do\/consular\/tokio\/dominicanos-por-primera-vez-podran-renovar-cedula-identidad-y-electoral-en-japon\/#primaryimage"},"thumbnailUrl":"https:\/\/jpn.mirex.gob.do\/consular\/tokio\/wp-content\/uploads\/2022\/04\/IMG-20210607-WA0076.jpg","datePublished":"2022-04-18T14:07:40+00:00","dateModified":"2022-04-18T14:11:50+00:00","breadcrumb":{"@id":"https:\/\/jpn.mirex.gob.do\/consular\/tokio\/dominicanos-por-primera-vez-podran-renovar-cedula-identidad-y-electoral-en-japon\/#breadcrumb"},"inLanguage":"en-US","potentialAction":[{"@type":"ReadAction","target":["https:\/\/jpn.mirex.gob.do\/consular\/tokio\/dominicanos-por-primera-vez-podran-renovar-cedula-identidad-y-electoral-en-japon\/"]}]},{"@type":"ImageObject","inLanguage":"en-US","@id":"https:\/\/jpn.mirex.gob.do\/consular\/tokio\/dominicanos-por-primera-vez-podran-renovar-cedula-identidad-y-electoral-en-japon\/#primaryimage","url":"https:\/\/jpn.mirex.gob.do\/consular\/tokio\/wp-content\/uploads\/2022\/04\/IMG-20210607-WA0076.jpg","contentUrl":"https:\/\/jpn.mirex.gob.do\/consular\/tokio\/wp-content\/uploads\/2022\/04\/IMG-20210607-WA0076.jpg","width":1600,"height":1200},{"@type":"BreadcrumbList","@id":"https:\/\/jpn.mirex.gob.do\/consular\/tokio\/dominicanos-por-primera-vez-podran-renovar-cedula-identidad-y-electoral-en-japon\/#breadcrumb","itemListElement":[{"@type":"ListItem","position":1,"name":"Inicio","item":"https:\/\/jpn.mirex.gob.do\/consular\/tokio\/"},{"@type":"ListItem","position":2,"name":"Dominicanos por primera vez podr\u00e1n renovar c\u00e9dula identidad y electoral en Jap\u00f3n"}]},{"@type":"WebSite","@id":"https:\/\/jpn.mirex.gob.do\/consular\/tokio\/#website","url":"https:\/\/jpn.mirex.gob.do\/consular\/tokio\/","name":"Consulado General de la Rep\u00fablica Dominicana en Tokio, Jap\u00f3n","description":"","publisher":{"@id":"https:\/\/jpn.mirex.gob.do\/consular\/tokio\/#organization"},"potentialAction":[{"@type":"SearchAction","target":{"@type":"EntryPoint","urlTemplate":"https:\/\/jpn.mirex.gob.do\/consular\/tokio\/?s={search_term_string}"},"query-input":{"@type":"PropertyValueSpecification","valueRequired":true,"valueName":"search_term_string"}}],"inLanguage":"en-US"},{"@type":"Organization","@id":"https:\/\/jpn.mirex.gob.do\/consular\/tokio\/#organization","name":"Consulado General de la Rep\u00fablica Dominicana en Tokio, Jap\u00f3n","url":"https:\/\/jpn.mirex.gob.do\/consular\/tokio\/","logo":{"@type":"ImageObject","inLanguage":"en-US","@id":"https:\/\/jpn.mirex.gob.do\/consular\/tokio\/#\/schema\/logo\/image\/","url":"https:\/\/jpn.mirex.gob.do\/consular\/tokio\/wp-content\/uploads\/2021\/11\/CONSULADO-Tokio-Japon-RD-04.png","contentUrl":"https:\/\/jpn.mirex.gob.do\/consular\/tokio\/wp-content\/uploads\/2021\/11\/CONSULADO-Tokio-Japon-RD-04.png","width":4163,"height":1788,"caption":"Consulado General de la Rep\u00fablica Dominicana en Tokio, Jap\u00f3n"},"image":{"@id":"https:\/\/jpn.mirex.gob.do\/consular\/tokio\/#\/schema\/logo\/image\/"}},{"@type":"Person","@id":"https:\/\/jpn.mirex.gob.do\/consular\/tokio\/#\/schema\/person\/775ef64f3ad1a2b7f81bf7f364008b49","name":"etanaka","image":{"@type":"ImageObject","inLanguage":"en-US","@id":"https:\/\/secure.gravatar.com\/avatar\/abf4276b711ebf324ffb2e2969ae7d8232bb4192c4e0c72c537060fbe396ff16?s=96&d=mm&r=g","url":"https:\/\/secure.gravatar.com\/avatar\/abf4276b711ebf324ffb2e2969ae7d8232bb4192c4e0c72c537060fbe396ff16?s=96&d=mm&r=g","contentUrl":"https:\/\/secure.gravatar.com\/avatar\/abf4276b711ebf324ffb2e2969ae7d8232bb4192c4e0c72c537060fbe396ff16?s=96&d=mm&r=g","caption":"etanaka"},"sameAs":["https:\/\/etanaka.tk"]}]}},"_links":{"self":[{"href":"https:\/\/jpn.mirex.gob.do\/consular\/tokio\/wp-json\/wp\/v2\/posts\/6229","targetHints":{"allow":["GET"]}}],"collection":[{"href":"https:\/\/jpn.mirex.gob.do\/consular\/tokio\/wp-json\/wp\/v2\/posts"}],"about":[{"href":"https:\/\/jpn.mirex.gob.do\/consular\/tokio\/wp-json\/wp\/v2\/types\/post"}],"author":[{"embeddable":true,"href":"https:\/\/jpn.mirex.gob.do\/consular\/tokio\/wp-json\/wp\/v2\/users\/1"}],"replies":[{"embeddable":true,"href":"https:\/\/jpn.mirex.gob.do\/consular\/tokio\/wp-json\/wp\/v2\/comments?post=6229"}],"version-history":[{"count":5,"href":"https:\/\/jpn.mirex.gob.do\/consular\/tokio\/wp-json\/wp\/v2\/posts\/6229\/revisions"}],"predecessor-version":[{"id":6240,"href":"https:\/\/jpn.mirex.gob.do\/consular\/tokio\/wp-json\/wp\/v2\/posts\/6229\/revisions\/6240"}],"wp:featuredmedia":[{"embeddable":true,"href":"https:\/\/jpn.mirex.gob.do\/consular\/tokio\/wp-json\/wp\/v2\/media\/6230"}],"wp:attachment":[{"href":"https:\/\/jpn.mirex.gob.do\/consular\/tokio\/wp-json\/wp\/v2\/media?parent=6229"}],"wp:term":[{"taxonomy":"category","embeddable":true,"href":"https:\/\/jpn.mirex.gob.do\/consular\/tokio\/wp-json\/wp\/v2\/categories?post=6229"},{"taxonomy":"post_tag","embeddable":true,"href":"https:\/\/jpn.mirex.gob.do\/consular\/tokio\/wp-json\/wp\/v2\/tags?post=6229"}],"curies":[{"name":"wp","href":"https:\/\/api.w.org\/{rel}","templated":true}]}}