{"id":6256,"date":"2022-04-03T14:42:56","date_gmt":"2022-04-03T14:42:56","guid":{"rendered":"https:\/\/jpn.mirex.gob.do\/consular\/tokio\/?p=6256"},"modified":"2022-04-18T14:50:17","modified_gmt":"2022-04-18T14:50:17","slug":"tal-como-programamos-festejamos-el-hanami-2022-mas-fundidos-con-la-naturaleza","status":"publish","type":"post","link":"https:\/\/jpn.mirex.gob.do\/consular\/tokio\/tal-como-programamos-festejamos-el-hanami-2022-mas-fundidos-con-la-naturaleza\/","title":{"rendered":"Tal como programamos, festejamos el Hanami 2022 m\u00e1s fundidos con la naturaleza"},"content":{"rendered":"\t\t<div data-elementor-type=\"wp-post\" data-elementor-id=\"6256\" class=\"elementor elementor-6256\" data-elementor-post-type=\"post\">\n\t\t\t\t\t\t<section class=\"elementor-section elementor-top-section elementor-element elementor-element-2be11644 elementor-section-boxed elementor-section-height-default elementor-section-height-default\" data-id=\"2be11644\" data-element_type=\"section\" data-e-type=\"section\">\n\t\t\t\t\t\t<div class=\"elementor-container elementor-column-gap-default\">\n\t\t\t\t\t<div class=\"elementor-column elementor-col-100 elementor-top-column elementor-element elementor-element-32e254dc\" data-id=\"32e254dc\" data-element_type=\"column\" data-e-type=\"column\">\n\t\t\t<div class=\"elementor-widget-wrap elementor-element-populated\">\n\t\t\t\t\t\t<div class=\"elementor-element elementor-element-64f0dee5 elementor-widget elementor-widget-text-editor\" data-id=\"64f0dee5\" data-element_type=\"widget\" data-e-type=\"widget\" data-widget_type=\"text-editor.default\">\n\t\t\t\t<div class=\"elementor-widget-container\">\n\t\t\t\t\t\t\t\t\t<p>Dominicanos, japoneses y amigos nos deleitamos con cada \u00e1rbol de Sakura a nuestro paso sobre el r\u00edo Sumida.<\/p><p>Nos reunimos en el Restaurante &#8220;Mi Tiempo&#8221;, prometimos salir desde su espectacular patio a las 5:00pm para hacer el recorrido en botes, a las 5:15pm ya part\u00edamos hacia este memorable inolvidable paseo acu\u00e1tico.<\/p><p>Aqu\u00ed compartimos las impactantes vistas que como sinfon\u00eda nos brind\u00f3 la madre naturaleza. Hanami 2022, desde Tokio, Jap\u00f3n; esta vez desde botes sobre el r\u00edo, en festejo que como dominicanos reverenciamos la cultura japonesa!<\/p>\t\t\t\t\t\t\t\t<\/div>\n\t\t\t\t<\/div>\n\t\t\t\t<div class=\"elementor-element elementor-element-2996be7 elementor-widget elementor-widget-video\" data-id=\"2996be7\" data-element_type=\"widget\" data-e-type=\"widget\" data-settings=\"{&quot;video_type&quot;:&quot;hosted&quot;,&quot;controls&quot;:&quot;yes&quot;}\" data-widget_type=\"video.default\">\n\t\t\t\t<div class=\"elementor-widget-container\">\n\t\t\t\t\t\t\t<div class=\"e-hosted-video elementor-wrapper elementor-open-inline\">\n\t\t\t\t\t<video class=\"elementor-video\" src=\"https:\/\/jpn.mirex.gob.do\/consular\/tokio\/wp-content\/uploads\/2022\/04\/277334308_740888043566929_4960443144141699529_n.mp4\" controls=\"\" preload=\"metadata\" controlsList=\"nodownload\"><\/video>\n\t\t\t\t<\/div>\n\t\t\t\t\t\t<\/div>\n\t\t\t\t<\/div>\n\t\t\t\t<div class=\"elementor-element elementor-element-b44eb33 elementor-widget elementor-widget-gallery\" data-id=\"b44eb33\" data-element_type=\"widget\" data-e-type=\"widget\" data-settings=\"{&quot;columns&quot;:3,&quot;lazyload&quot;:&quot;yes&quot;,&quot;gallery_layout&quot;:&quot;grid&quot;,&quot;columns_tablet&quot;:2,&quot;columns_mobile&quot;:1,&quot;gap&quot;:{&quot;unit&quot;:&quot;px&quot;,&quot;size&quot;:10,&quot;sizes&quot;:[]},&quot;gap_tablet&quot;:{&quot;unit&quot;:&quot;px&quot;,&quot;size&quot;:10,&quot;sizes&quot;:[]},&quot;gap_mobile&quot;:{&quot;unit&quot;:&quot;px&quot;,&quot;size&quot;:10,&quot;sizes&quot;:[]},&quot;link_to&quot;:&quot;file&quot;,&quot;aspect_ratio&quot;:&quot;3:2&quot;,&quot;overlay_background&quot;:&quot;yes&quot;,&quot;content_hover_animation&quot;:&quot;fade-in&quot;}\" data-widget_type=\"gallery.default\">\n\t\t\t\t<div class=\"elementor-widget-container\">\n\t\t\t\t\t\t\t<div class=\"elementor-gallery__container\">\n\t\t\t\t\t\t\t<a class=\"e-gallery-item elementor-gallery-item elementor-animated-content\" href=\"https:\/\/jpn.mirex.gob.do\/consular\/tokio\/wp-content\/uploads\/2022\/04\/277837955_139039975319519_5734601315317167269_n.jpg\" data-elementor-open-lightbox=\"yes\" data-elementor-lightbox-slideshow=\"b44eb33\" data-elementor-lightbox-title=\"277837955_139039975319519_5734601315317167269_n\" data-e-action-hash=\"#elementor-action%3Aaction%3Dlightbox%26settings%3DeyJpZCI6NjI2NCwidXJsIjoiaHR0cHM6XC9cL2pwbi5taXJleC5nb2IuZG9cL2NvbnN1bGFyXC90b2tpb1wvd3AtY29udGVudFwvdXBsb2Fkc1wvMjAyMlwvMDRcLzI3NzgzNzk1NV8xMzkwMzk5NzUzMTk1MTlfNTczNDYwMTMxNTMxNzE2NzI2OV9uLmpwZyIsInNsaWRlc2hvdyI6ImI0NGViMzMifQ%3D%3D\">\n\t\t\t\t\t<div class=\"e-gallery-image elementor-gallery-item__image\" data-thumbnail=\"https:\/\/jpn.mirex.gob.do\/consular\/tokio\/wp-content\/uploads\/2022\/04\/277837955_139039975319519_5734601315317167269_n-300x170.jpg\" data-width=\"300\" data-height=\"170\" aria-label=\"\" role=\"img\" ><\/div>\n\t\t\t\t\t\t\t\t\t\t\t<div class=\"elementor-gallery-item__overlay\"><\/div>\n\t\t\t\t\t\t\t\t\t\t\t\t\t\t<\/a>\n\t\t\t\t\t\t\t<a class=\"e-gallery-item elementor-gallery-item elementor-animated-content\" href=\"https:\/\/jpn.mirex.gob.do\/consular\/tokio\/wp-content\/uploads\/2022\/04\/277799484_287178873570465_7577704111267353013_n.jpg\" data-elementor-open-lightbox=\"yes\" data-elementor-lightbox-slideshow=\"b44eb33\" data-elementor-lightbox-title=\"277799484_287178873570465_7577704111267353013_n\" data-e-action-hash=\"#elementor-action%3Aaction%3Dlightbox%26settings%3DeyJpZCI6NjI2MywidXJsIjoiaHR0cHM6XC9cL2pwbi5taXJleC5nb2IuZG9cL2NvbnN1bGFyXC90b2tpb1wvd3AtY29udGVudFwvdXBsb2Fkc1wvMjAyMlwvMDRcLzI3Nzc5OTQ4NF8yODcxNzg4NzM1NzA0NjVfNzU3NzcwNDExMTI2NzM1MzAxM19uLmpwZyIsInNsaWRlc2hvdyI6ImI0NGViMzMifQ%3D%3D\">\n\t\t\t\t\t<div class=\"e-gallery-image elementor-gallery-item__image\" data-thumbnail=\"https:\/\/jpn.mirex.gob.do\/consular\/tokio\/wp-content\/uploads\/2022\/04\/277799484_287178873570465_7577704111267353013_n-300x170.jpg\" data-width=\"300\" data-height=\"170\" aria-label=\"\" role=\"img\" ><\/div>\n\t\t\t\t\t\t\t\t\t\t\t<div class=\"elementor-gallery-item__overlay\"><\/div>\n\t\t\t\t\t\t\t\t\t\t\t\t\t\t<\/a>\n\t\t\t\t\t\t\t<a class=\"e-gallery-item elementor-gallery-item elementor-animated-content\" href=\"https:\/\/jpn.mirex.gob.do\/consular\/tokio\/wp-content\/uploads\/2022\/04\/277775455_490986192763634_577370784512412904_n.jpg\" data-elementor-open-lightbox=\"yes\" data-elementor-lightbox-slideshow=\"b44eb33\" data-elementor-lightbox-title=\"277775455_490986192763634_577370784512412904_n\" data-e-action-hash=\"#elementor-action%3Aaction%3Dlightbox%26settings%3DeyJpZCI6NjI2MiwidXJsIjoiaHR0cHM6XC9cL2pwbi5taXJleC5nb2IuZG9cL2NvbnN1bGFyXC90b2tpb1wvd3AtY29udGVudFwvdXBsb2Fkc1wvMjAyMlwvMDRcLzI3Nzc3NTQ1NV80OTA5ODYxOTI3NjM2MzRfNTc3MzcwNzg0NTEyNDEyOTA0X24uanBnIiwic2xpZGVzaG93IjoiYjQ0ZWIzMyJ9\">\n\t\t\t\t\t<div class=\"e-gallery-image elementor-gallery-item__image\" data-thumbnail=\"https:\/\/jpn.mirex.gob.do\/consular\/tokio\/wp-content\/uploads\/2022\/04\/277775455_490986192763634_577370784512412904_n-300x170.jpg\" data-width=\"300\" data-height=\"170\" aria-label=\"\" role=\"img\" ><\/div>\n\t\t\t\t\t\t\t\t\t\t\t<div class=\"elementor-gallery-item__overlay\"><\/div>\n\t\t\t\t\t\t\t\t\t\t\t\t\t\t<\/a>\n\t\t\t\t\t\t\t<a class=\"e-gallery-item elementor-gallery-item elementor-animated-content\" href=\"https:\/\/jpn.mirex.gob.do\/consular\/tokio\/wp-content\/uploads\/2022\/04\/277702288_422305336329210_2191167366690812195_n.jpg\" data-elementor-open-lightbox=\"yes\" data-elementor-lightbox-slideshow=\"b44eb33\" data-elementor-lightbox-title=\"277702288_422305336329210_2191167366690812195_n\" data-e-action-hash=\"#elementor-action%3Aaction%3Dlightbox%26settings%3DeyJpZCI6NjI2MSwidXJsIjoiaHR0cHM6XC9cL2pwbi5taXJleC5nb2IuZG9cL2NvbnN1bGFyXC90b2tpb1wvd3AtY29udGVudFwvdXBsb2Fkc1wvMjAyMlwvMDRcLzI3NzcwMjI4OF80MjIzMDUzMzYzMjkyMTBfMjE5MTE2NzM2NjY5MDgxMjE5NV9uLmpwZyIsInNsaWRlc2hvdyI6ImI0NGViMzMifQ%3D%3D\">\n\t\t\t\t\t<div class=\"e-gallery-image elementor-gallery-item__image\" data-thumbnail=\"https:\/\/jpn.mirex.gob.do\/consular\/tokio\/wp-content\/uploads\/2022\/04\/277702288_422305336329210_2191167366690812195_n-300x169.jpg\" data-width=\"300\" data-height=\"169\" aria-label=\"\" role=\"img\" ><\/div>\n\t\t\t\t\t\t\t\t\t\t\t<div class=\"elementor-gallery-item__overlay\"><\/div>\n\t\t\t\t\t\t\t\t\t\t\t\t\t\t<\/a>\n\t\t\t\t\t\t\t<a class=\"e-gallery-item elementor-gallery-item elementor-animated-content\" href=\"https:\/\/jpn.mirex.gob.do\/consular\/tokio\/wp-content\/uploads\/2022\/04\/277695953_556856862254406_8278027934582314255_n.jpg\" data-elementor-open-lightbox=\"yes\" data-elementor-lightbox-slideshow=\"b44eb33\" data-elementor-lightbox-title=\"277695953_556856862254406_8278027934582314255_n\" data-e-action-hash=\"#elementor-action%3Aaction%3Dlightbox%26settings%3DeyJpZCI6NjI1OSwidXJsIjoiaHR0cHM6XC9cL2pwbi5taXJleC5nb2IuZG9cL2NvbnN1bGFyXC90b2tpb1wvd3AtY29udGVudFwvdXBsb2Fkc1wvMjAyMlwvMDRcLzI3NzY5NTk1M181NTY4NTY4NjIyNTQ0MDZfODI3ODAyNzkzNDU4MjMxNDI1NV9uLmpwZyIsInNsaWRlc2hvdyI6ImI0NGViMzMifQ%3D%3D\">\n\t\t\t\t\t<div class=\"e-gallery-image elementor-gallery-item__image\" data-thumbnail=\"https:\/\/jpn.mirex.gob.do\/consular\/tokio\/wp-content\/uploads\/2022\/04\/277695953_556856862254406_8278027934582314255_n-300x170.jpg\" data-width=\"300\" data-height=\"170\" aria-label=\"\" role=\"img\" ><\/div>\n\t\t\t\t\t\t\t\t\t\t\t<div class=\"elementor-gallery-item__overlay\"><\/div>\n\t\t\t\t\t\t\t\t\t\t\t\t\t\t<\/a>\n\t\t\t\t\t\t\t<a class=\"e-gallery-item elementor-gallery-item elementor-animated-content\" href=\"https:\/\/jpn.mirex.gob.do\/consular\/tokio\/wp-content\/uploads\/2022\/04\/277605386_962370714466828_9031727865601091344_n.jpg\" data-elementor-open-lightbox=\"yes\" data-elementor-lightbox-slideshow=\"b44eb33\" data-elementor-lightbox-title=\"277605386_962370714466828_9031727865601091344_n\" data-e-action-hash=\"#elementor-action%3Aaction%3Dlightbox%26settings%3DeyJpZCI6NjI1OCwidXJsIjoiaHR0cHM6XC9cL2pwbi5taXJleC5nb2IuZG9cL2NvbnN1bGFyXC90b2tpb1wvd3AtY29udGVudFwvdXBsb2Fkc1wvMjAyMlwvMDRcLzI3NzYwNTM4Nl85NjIzNzA3MTQ0NjY4MjhfOTAzMTcyNzg2NTYwMTA5MTM0NF9uLmpwZyIsInNsaWRlc2hvdyI6ImI0NGViMzMifQ%3D%3D\">\n\t\t\t\t\t<div class=\"e-gallery-image elementor-gallery-item__image\" data-thumbnail=\"https:\/\/jpn.mirex.gob.do\/consular\/tokio\/wp-content\/uploads\/2022\/04\/277605386_962370714466828_9031727865601091344_n-300x169.jpg\" data-width=\"300\" data-height=\"169\" aria-label=\"\" role=\"img\" ><\/div>\n\t\t\t\t\t\t\t\t\t\t\t<div class=\"elementor-gallery-item__overlay\"><\/div>\n\t\t\t\t\t\t\t\t\t\t\t\t\t\t<\/a>\n\t\t\t\t\t\t\t<a class=\"e-gallery-item elementor-gallery-item elementor-animated-content\" href=\"https:\/\/jpn.mirex.gob.do\/consular\/tokio\/wp-content\/uploads\/2022\/04\/277697490_236117968680118_7377560549663580789_n.jpg\" data-elementor-open-lightbox=\"yes\" data-elementor-lightbox-slideshow=\"b44eb33\" data-elementor-lightbox-title=\"277697490_236117968680118_7377560549663580789_n\" data-e-action-hash=\"#elementor-action%3Aaction%3Dlightbox%26settings%3DeyJpZCI6NjI2MCwidXJsIjoiaHR0cHM6XC9cL2pwbi5taXJleC5nb2IuZG9cL2NvbnN1bGFyXC90b2tpb1wvd3AtY29udGVudFwvdXBsb2Fkc1wvMjAyMlwvMDRcLzI3NzY5NzQ5MF8yMzYxMTc5Njg2ODAxMThfNzM3NzU2MDU0OTY2MzU4MDc4OV9uLmpwZyIsInNsaWRlc2hvdyI6ImI0NGViMzMifQ%3D%3D\">\n\t\t\t\t\t<div class=\"e-gallery-image elementor-gallery-item__image\" data-thumbnail=\"https:\/\/jpn.mirex.gob.do\/consular\/tokio\/wp-content\/uploads\/2022\/04\/277697490_236117968680118_7377560549663580789_n-300x170.jpg\" data-width=\"300\" data-height=\"170\" aria-label=\"\" role=\"img\" ><\/div>\n\t\t\t\t\t\t\t\t\t\t\t<div class=\"elementor-gallery-item__overlay\"><\/div>\n\t\t\t\t\t\t\t\t\t\t\t\t\t\t<\/a>\n\t\t\t\t\t<\/div>\n\t\t\t\t\t<\/div>\n\t\t\t\t<\/div>\n\t\t\t\t\t<\/div>\n\t\t<\/div>\n\t\t\t\t\t<\/div>\n\t\t<\/section>\n\t\t\t\t<\/div>\n\t\t","protected":false},"excerpt":{"rendered":"<p>Dominicanos, japoneses y amigos nos deleitamos con cada \u00e1rbol de Sakura a nuestro paso sobre el r\u00edo Sumida. Nos reunimos en el Restaurante &#8220;Mi Tiempo&#8221;, prometimos salir desde su espectacular patio a las 5:00pm para hacer el recorrido en botes, a las 5:15pm ya part\u00edamos hacia este memorable inolvidable paseo acu\u00e1tico. Aqu\u00ed compartimos las impactantes [&hellip;]<\/p>\n","protected":false},"author":1,"featured_media":6257,"comment_status":"closed","ping_status":"open","sticky":false,"template":"","format":"standard","meta":{"site-sidebar-layout":"default","site-content-layout":"default","ast-site-content-layout":"default","site-content-style":"default","site-sidebar-style":"default","ast-global-header-display":"","ast-banner-title-visibility":"","ast-main-header-display":"","ast-hfb-above-header-display":"","ast-hfb-below-header-display":"","ast-hfb-mobile-header-display":"","site-post-title":"","ast-breadcrumbs-content":"","ast-featured-img":"","footer-sml-layout":"","ast-disable-related-posts":"","theme-transparent-header-meta":"default","adv-header-id-meta":"","stick-header-meta":"","header-above-stick-meta":"","header-main-stick-meta":"","header-below-stick-meta":"","astra-migrate-meta-layouts":"default","ast-page-background-enabled":"default","ast-page-background-meta":{"desktop":{"background-color":"","background-image":"","background-repeat":"repeat","background-position":"center center","background-size":"auto","background-attachment":"scroll","background-type":"","background-media":"","overlay-type":"","overlay-color":"","overlay-opacity":"","overlay-gradient":""},"tablet":{"background-color":"","background-image":"","background-repeat":"repeat","background-position":"center center","background-size":"auto","background-attachment":"scroll","background-type":"","background-media":"","overlay-type":"","overlay-color":"","overlay-opacity":"","overlay-gradient":""},"mobile":{"background-color":"","background-image":"","background-repeat":"repeat","background-position":"center center","background-size":"auto","background-attachment":"scroll","background-type":"","background-media":"","overlay-type":"","overlay-color":"","overlay-opacity":"","overlay-gradient":""}},"ast-content-background-meta":{"desktop":{"background-color":"var(--ast-global-color-5)","background-image":"","background-repeat":"repeat","background-position":"center center","background-size":"auto","background-attachment":"scroll","background-type":"","background-media":"","overlay-type":"","overlay-color":"","overlay-opacity":"","overlay-gradient":""},"tablet":{"background-color":"var(--ast-global-color-5)","background-image":"","background-repeat":"repeat","background-position":"center center","background-size":"auto","background-attachment":"scroll","background-type":"","background-media":"","overlay-type":"","overlay-color":"","overlay-opacity":"","overlay-gradient":""},"mobile":{"background-color":"var(--ast-global-color-5)","background-image":"","background-repeat":"repeat","background-position":"center center","background-size":"auto","background-attachment":"scroll","background-type":"","background-media":"","overlay-type":"","overlay-color":"","overlay-opacity":"","overlay-gradient":""}},"footnotes":""},"categories":[5],"tags":[],"class_list":["post-6256","post","type-post","status-publish","format-standard","has-post-thumbnail","hentry","category-noticias"],"yoast_head":"<!-- This site is optimized with the Yoast SEO plugin v27.4 - https:\/\/yoast.com\/product\/yoast-seo-wordpress\/ -->\n<title>Tal como programamos, festejamos el Hanami 2022 m\u00e1s fundidos con la naturaleza - Consulado General de la Rep\u00fablica Dominicana en Tokio, Jap\u00f3n<\/title>\n<meta name=\"robots\" content=\"index, follow, max-snippet:-1, max-image-preview:large, max-video-preview:-1\" \/>\n<link rel=\"canonical\" href=\"https:\/\/jpn.mirex.gob.do\/consular\/tokio\/tal-como-programamos-festejamos-el-hanami-2022-mas-fundidos-con-la-naturaleza\/\" \/>\n<meta property=\"og:locale\" content=\"en_US\" \/>\n<meta property=\"og:type\" content=\"article\" \/>\n<meta property=\"og:title\" content=\"Tal como programamos, festejamos el Hanami 2022 m\u00e1s fundidos con la naturaleza - Consulado General de la Rep\u00fablica Dominicana en Tokio, Jap\u00f3n\" \/>\n<meta property=\"og:description\" content=\"Dominicanos, japoneses y amigos nos deleitamos con cada \u00e1rbol de Sakura a nuestro paso sobre el r\u00edo Sumida. Nos reunimos en el Restaurante &#8220;Mi Tiempo&#8221;, prometimos salir desde su espectacular patio a las 5:00pm para hacer el recorrido en botes, a las 5:15pm ya part\u00edamos hacia este memorable inolvidable paseo acu\u00e1tico. Aqu\u00ed compartimos las impactantes [&hellip;]\" \/>\n<meta property=\"og:url\" content=\"https:\/\/jpn.mirex.gob.do\/consular\/tokio\/tal-como-programamos-festejamos-el-hanami-2022-mas-fundidos-con-la-naturaleza\/\" \/>\n<meta property=\"og:site_name\" content=\"Consulado General de la Rep\u00fablica Dominicana en Tokio, Jap\u00f3n\" \/>\n<meta property=\"article:published_time\" content=\"2022-04-03T14:42:56+00:00\" \/>\n<meta property=\"article:modified_time\" content=\"2022-04-18T14:50:17+00:00\" \/>\n<meta property=\"og:image\" content=\"https:\/\/jpn.mirex.gob.do\/consular\/tokio\/wp-content\/uploads\/2022\/04\/277696398_708023963659689_6935412099691708181_n.jpg\" \/>\n\t<meta property=\"og:image:width\" content=\"815\" \/>\n\t<meta property=\"og:image:height\" content=\"460\" \/>\n\t<meta property=\"og:image:type\" content=\"image\/jpeg\" \/>\n<meta name=\"author\" content=\"etanaka\" \/>\n<meta name=\"twitter:card\" content=\"summary_large_image\" \/>\n<meta name=\"twitter:label1\" content=\"Written by\" \/>\n\t<meta name=\"twitter:data1\" content=\"etanaka\" \/>\n\t<meta name=\"twitter:label2\" content=\"Est. reading time\" \/>\n\t<meta name=\"twitter:data2\" content=\"1 minute\" \/>\n<script type=\"application\/ld+json\" class=\"yoast-schema-graph\">{\"@context\":\"https:\\\/\\\/schema.org\",\"@graph\":[{\"@type\":\"Article\",\"@id\":\"https:\\\/\\\/jpn.mirex.gob.do\\\/consular\\\/tokio\\\/tal-como-programamos-festejamos-el-hanami-2022-mas-fundidos-con-la-naturaleza\\\/#article\",\"isPartOf\":{\"@id\":\"https:\\\/\\\/jpn.mirex.gob.do\\\/consular\\\/tokio\\\/tal-como-programamos-festejamos-el-hanami-2022-mas-fundidos-con-la-naturaleza\\\/\"},\"author\":{\"name\":\"etanaka\",\"@id\":\"https:\\\/\\\/jpn.mirex.gob.do\\\/consular\\\/tokio\\\/#\\\/schema\\\/person\\\/775ef64f3ad1a2b7f81bf7f364008b49\"},\"headline\":\"Tal como programamos, festejamos el Hanami 2022 m\u00e1s fundidos con la naturaleza\",\"datePublished\":\"2022-04-03T14:42:56+00:00\",\"dateModified\":\"2022-04-18T14:50:17+00:00\",\"mainEntityOfPage\":{\"@id\":\"https:\\\/\\\/jpn.mirex.gob.do\\\/consular\\\/tokio\\\/tal-como-programamos-festejamos-el-hanami-2022-mas-fundidos-con-la-naturaleza\\\/\"},\"wordCount\":113,\"publisher\":{\"@id\":\"https:\\\/\\\/jpn.mirex.gob.do\\\/consular\\\/tokio\\\/#organization\"},\"image\":{\"@id\":\"https:\\\/\\\/jpn.mirex.gob.do\\\/consular\\\/tokio\\\/tal-como-programamos-festejamos-el-hanami-2022-mas-fundidos-con-la-naturaleza\\\/#primaryimage\"},\"thumbnailUrl\":\"https:\\\/\\\/jpn.mirex.gob.do\\\/consular\\\/tokio\\\/wp-content\\\/uploads\\\/2022\\\/04\\\/277696398_708023963659689_6935412099691708181_n.jpg\",\"articleSection\":[\"Noticias\"],\"inLanguage\":\"en-US\"},{\"@type\":\"WebPage\",\"@id\":\"https:\\\/\\\/jpn.mirex.gob.do\\\/consular\\\/tokio\\\/tal-como-programamos-festejamos-el-hanami-2022-mas-fundidos-con-la-naturaleza\\\/\",\"url\":\"https:\\\/\\\/jpn.mirex.gob.do\\\/consular\\\/tokio\\\/tal-como-programamos-festejamos-el-hanami-2022-mas-fundidos-con-la-naturaleza\\\/\",\"name\":\"Tal como programamos, festejamos el Hanami 2022 m\u00e1s fundidos con la naturaleza - Consulado General de la Rep\u00fablica Dominicana en Tokio, Jap\u00f3n\",\"isPartOf\":{\"@id\":\"https:\\\/\\\/jpn.mirex.gob.do\\\/consular\\\/tokio\\\/#website\"},\"primaryImageOfPage\":{\"@id\":\"https:\\\/\\\/jpn.mirex.gob.do\\\/consular\\\/tokio\\\/tal-como-programamos-festejamos-el-hanami-2022-mas-fundidos-con-la-naturaleza\\\/#primaryimage\"},\"image\":{\"@id\":\"https:\\\/\\\/jpn.mirex.gob.do\\\/consular\\\/tokio\\\/tal-como-programamos-festejamos-el-hanami-2022-mas-fundidos-con-la-naturaleza\\\/#primaryimage\"},\"thumbnailUrl\":\"https:\\\/\\\/jpn.mirex.gob.do\\\/consular\\\/tokio\\\/wp-content\\\/uploads\\\/2022\\\/04\\\/277696398_708023963659689_6935412099691708181_n.jpg\",\"datePublished\":\"2022-04-03T14:42:56+00:00\",\"dateModified\":\"2022-04-18T14:50:17+00:00\",\"breadcrumb\":{\"@id\":\"https:\\\/\\\/jpn.mirex.gob.do\\\/consular\\\/tokio\\\/tal-como-programamos-festejamos-el-hanami-2022-mas-fundidos-con-la-naturaleza\\\/#breadcrumb\"},\"inLanguage\":\"en-US\",\"potentialAction\":[{\"@type\":\"ReadAction\",\"target\":[\"https:\\\/\\\/jpn.mirex.gob.do\\\/consular\\\/tokio\\\/tal-como-programamos-festejamos-el-hanami-2022-mas-fundidos-con-la-naturaleza\\\/\"]}]},{\"@type\":\"ImageObject\",\"inLanguage\":\"en-US\",\"@id\":\"https:\\\/\\\/jpn.mirex.gob.do\\\/consular\\\/tokio\\\/tal-como-programamos-festejamos-el-hanami-2022-mas-fundidos-con-la-naturaleza\\\/#primaryimage\",\"url\":\"https:\\\/\\\/jpn.mirex.gob.do\\\/consular\\\/tokio\\\/wp-content\\\/uploads\\\/2022\\\/04\\\/277696398_708023963659689_6935412099691708181_n.jpg\",\"contentUrl\":\"https:\\\/\\\/jpn.mirex.gob.do\\\/consular\\\/tokio\\\/wp-content\\\/uploads\\\/2022\\\/04\\\/277696398_708023963659689_6935412099691708181_n.jpg\",\"width\":815,\"height\":460},{\"@type\":\"BreadcrumbList\",\"@id\":\"https:\\\/\\\/jpn.mirex.gob.do\\\/consular\\\/tokio\\\/tal-como-programamos-festejamos-el-hanami-2022-mas-fundidos-con-la-naturaleza\\\/#breadcrumb\",\"itemListElement\":[{\"@type\":\"ListItem\",\"position\":1,\"name\":\"Inicio\",\"item\":\"https:\\\/\\\/jpn.mirex.gob.do\\\/consular\\\/tokio\\\/\"},{\"@type\":\"ListItem\",\"position\":2,\"name\":\"Tal como programamos, festejamos el Hanami 2022 m\u00e1s fundidos con la naturaleza\"}]},{\"@type\":\"WebSite\",\"@id\":\"https:\\\/\\\/jpn.mirex.gob.do\\\/consular\\\/tokio\\\/#website\",\"url\":\"https:\\\/\\\/jpn.mirex.gob.do\\\/consular\\\/tokio\\\/\",\"name\":\"Consulado General de la Rep\u00fablica Dominicana en Tokio, Jap\u00f3n\",\"description\":\"\",\"publisher\":{\"@id\":\"https:\\\/\\\/jpn.mirex.gob.do\\\/consular\\\/tokio\\\/#organization\"},\"potentialAction\":[{\"@type\":\"SearchAction\",\"target\":{\"@type\":\"EntryPoint\",\"urlTemplate\":\"https:\\\/\\\/jpn.mirex.gob.do\\\/consular\\\/tokio\\\/?s={search_term_string}\"},\"query-input\":{\"@type\":\"PropertyValueSpecification\",\"valueRequired\":true,\"valueName\":\"search_term_string\"}}],\"inLanguage\":\"en-US\"},{\"@type\":\"Organization\",\"@id\":\"https:\\\/\\\/jpn.mirex.gob.do\\\/consular\\\/tokio\\\/#organization\",\"name\":\"Consulado General de la Rep\u00fablica Dominicana en Tokio, Jap\u00f3n\",\"url\":\"https:\\\/\\\/jpn.mirex.gob.do\\\/consular\\\/tokio\\\/\",\"logo\":{\"@type\":\"ImageObject\",\"inLanguage\":\"en-US\",\"@id\":\"https:\\\/\\\/jpn.mirex.gob.do\\\/consular\\\/tokio\\\/#\\\/schema\\\/logo\\\/image\\\/\",\"url\":\"https:\\\/\\\/jpn.mirex.gob.do\\\/consular\\\/tokio\\\/wp-content\\\/uploads\\\/2021\\\/11\\\/CONSULADO-Tokio-Japon-RD-04.png\",\"contentUrl\":\"https:\\\/\\\/jpn.mirex.gob.do\\\/consular\\\/tokio\\\/wp-content\\\/uploads\\\/2021\\\/11\\\/CONSULADO-Tokio-Japon-RD-04.png\",\"width\":4163,\"height\":1788,\"caption\":\"Consulado General de la Rep\u00fablica Dominicana en Tokio, Jap\u00f3n\"},\"image\":{\"@id\":\"https:\\\/\\\/jpn.mirex.gob.do\\\/consular\\\/tokio\\\/#\\\/schema\\\/logo\\\/image\\\/\"}},{\"@type\":\"Person\",\"@id\":\"https:\\\/\\\/jpn.mirex.gob.do\\\/consular\\\/tokio\\\/#\\\/schema\\\/person\\\/775ef64f3ad1a2b7f81bf7f364008b49\",\"name\":\"etanaka\",\"image\":{\"@type\":\"ImageObject\",\"inLanguage\":\"en-US\",\"@id\":\"https:\\\/\\\/secure.gravatar.com\\\/avatar\\\/abf4276b711ebf324ffb2e2969ae7d8232bb4192c4e0c72c537060fbe396ff16?s=96&d=mm&r=g\",\"url\":\"https:\\\/\\\/secure.gravatar.com\\\/avatar\\\/abf4276b711ebf324ffb2e2969ae7d8232bb4192c4e0c72c537060fbe396ff16?s=96&d=mm&r=g\",\"contentUrl\":\"https:\\\/\\\/secure.gravatar.com\\\/avatar\\\/abf4276b711ebf324ffb2e2969ae7d8232bb4192c4e0c72c537060fbe396ff16?s=96&d=mm&r=g\",\"caption\":\"etanaka\"},\"sameAs\":[\"https:\\\/\\\/etanaka.tk\"]}]}<\/script>\n<!-- \/ Yoast SEO plugin. -->","yoast_head_json":{"title":"Tal como programamos, festejamos el Hanami 2022 m\u00e1s fundidos con la naturaleza - Consulado General de la Rep\u00fablica Dominicana en Tokio, Jap\u00f3n","robots":{"index":"index","follow":"follow","max-snippet":"max-snippet:-1","max-image-preview":"max-image-preview:large","max-video-preview":"max-video-preview:-1"},"canonical":"https:\/\/jpn.mirex.gob.do\/consular\/tokio\/tal-como-programamos-festejamos-el-hanami-2022-mas-fundidos-con-la-naturaleza\/","og_locale":"en_US","og_type":"article","og_title":"Tal como programamos, festejamos el Hanami 2022 m\u00e1s fundidos con la naturaleza - Consulado General de la Rep\u00fablica Dominicana en Tokio, Jap\u00f3n","og_description":"Dominicanos, japoneses y amigos nos deleitamos con cada \u00e1rbol de Sakura a nuestro paso sobre el r\u00edo Sumida. Nos reunimos en el Restaurante &#8220;Mi Tiempo&#8221;, prometimos salir desde su espectacular patio a las 5:00pm para hacer el recorrido en botes, a las 5:15pm ya part\u00edamos hacia este memorable inolvidable paseo acu\u00e1tico. Aqu\u00ed compartimos las impactantes [&hellip;]","og_url":"https:\/\/jpn.mirex.gob.do\/consular\/tokio\/tal-como-programamos-festejamos-el-hanami-2022-mas-fundidos-con-la-naturaleza\/","og_site_name":"Consulado General de la Rep\u00fablica Dominicana en Tokio, Jap\u00f3n","article_published_time":"2022-04-03T14:42:56+00:00","article_modified_time":"2022-04-18T14:50:17+00:00","og_image":[{"width":815,"height":460,"url":"https:\/\/jpn.mirex.gob.do\/consular\/tokio\/wp-content\/uploads\/2022\/04\/277696398_708023963659689_6935412099691708181_n.jpg","type":"image\/jpeg"}],"author":"etanaka","twitter_card":"summary_large_image","twitter_misc":{"Written by":"etanaka","Est. reading time":"1 minute"},"schema":{"@context":"https:\/\/schema.org","@graph":[{"@type":"Article","@id":"https:\/\/jpn.mirex.gob.do\/consular\/tokio\/tal-como-programamos-festejamos-el-hanami-2022-mas-fundidos-con-la-naturaleza\/#article","isPartOf":{"@id":"https:\/\/jpn.mirex.gob.do\/consular\/tokio\/tal-como-programamos-festejamos-el-hanami-2022-mas-fundidos-con-la-naturaleza\/"},"author":{"name":"etanaka","@id":"https:\/\/jpn.mirex.gob.do\/consular\/tokio\/#\/schema\/person\/775ef64f3ad1a2b7f81bf7f364008b49"},"headline":"Tal como programamos, festejamos el Hanami 2022 m\u00e1s fundidos con la naturaleza","datePublished":"2022-04-03T14:42:56+00:00","dateModified":"2022-04-18T14:50:17+00:00","mainEntityOfPage":{"@id":"https:\/\/jpn.mirex.gob.do\/consular\/tokio\/tal-como-programamos-festejamos-el-hanami-2022-mas-fundidos-con-la-naturaleza\/"},"wordCount":113,"publisher":{"@id":"https:\/\/jpn.mirex.gob.do\/consular\/tokio\/#organization"},"image":{"@id":"https:\/\/jpn.mirex.gob.do\/consular\/tokio\/tal-como-programamos-festejamos-el-hanami-2022-mas-fundidos-con-la-naturaleza\/#primaryimage"},"thumbnailUrl":"https:\/\/jpn.mirex.gob.do\/consular\/tokio\/wp-content\/uploads\/2022\/04\/277696398_708023963659689_6935412099691708181_n.jpg","articleSection":["Noticias"],"inLanguage":"en-US"},{"@type":"WebPage","@id":"https:\/\/jpn.mirex.gob.do\/consular\/tokio\/tal-como-programamos-festejamos-el-hanami-2022-mas-fundidos-con-la-naturaleza\/","url":"https:\/\/jpn.mirex.gob.do\/consular\/tokio\/tal-como-programamos-festejamos-el-hanami-2022-mas-fundidos-con-la-naturaleza\/","name":"Tal como programamos, festejamos el Hanami 2022 m\u00e1s fundidos con la naturaleza - Consulado General de la Rep\u00fablica Dominicana en Tokio, Jap\u00f3n","isPartOf":{"@id":"https:\/\/jpn.mirex.gob.do\/consular\/tokio\/#website"},"primaryImageOfPage":{"@id":"https:\/\/jpn.mirex.gob.do\/consular\/tokio\/tal-como-programamos-festejamos-el-hanami-2022-mas-fundidos-con-la-naturaleza\/#primaryimage"},"image":{"@id":"https:\/\/jpn.mirex.gob.do\/consular\/tokio\/tal-como-programamos-festejamos-el-hanami-2022-mas-fundidos-con-la-naturaleza\/#primaryimage"},"thumbnailUrl":"https:\/\/jpn.mirex.gob.do\/consular\/tokio\/wp-content\/uploads\/2022\/04\/277696398_708023963659689_6935412099691708181_n.jpg","datePublished":"2022-04-03T14:42:56+00:00","dateModified":"2022-04-18T14:50:17+00:00","breadcrumb":{"@id":"https:\/\/jpn.mirex.gob.do\/consular\/tokio\/tal-como-programamos-festejamos-el-hanami-2022-mas-fundidos-con-la-naturaleza\/#breadcrumb"},"inLanguage":"en-US","potentialAction":[{"@type":"ReadAction","target":["https:\/\/jpn.mirex.gob.do\/consular\/tokio\/tal-como-programamos-festejamos-el-hanami-2022-mas-fundidos-con-la-naturaleza\/"]}]},{"@type":"ImageObject","inLanguage":"en-US","@id":"https:\/\/jpn.mirex.gob.do\/consular\/tokio\/tal-como-programamos-festejamos-el-hanami-2022-mas-fundidos-con-la-naturaleza\/#primaryimage","url":"https:\/\/jpn.mirex.gob.do\/consular\/tokio\/wp-content\/uploads\/2022\/04\/277696398_708023963659689_6935412099691708181_n.jpg","contentUrl":"https:\/\/jpn.mirex.gob.do\/consular\/tokio\/wp-content\/uploads\/2022\/04\/277696398_708023963659689_6935412099691708181_n.jpg","width":815,"height":460},{"@type":"BreadcrumbList","@id":"https:\/\/jpn.mirex.gob.do\/consular\/tokio\/tal-como-programamos-festejamos-el-hanami-2022-mas-fundidos-con-la-naturaleza\/#breadcrumb","itemListElement":[{"@type":"ListItem","position":1,"name":"Inicio","item":"https:\/\/jpn.mirex.gob.do\/consular\/tokio\/"},{"@type":"ListItem","position":2,"name":"Tal como programamos, festejamos el Hanami 2022 m\u00e1s fundidos con la naturaleza"}]},{"@type":"WebSite","@id":"https:\/\/jpn.mirex.gob.do\/consular\/tokio\/#website","url":"https:\/\/jpn.mirex.gob.do\/consular\/tokio\/","name":"Consulado General de la Rep\u00fablica Dominicana en Tokio, Jap\u00f3n","description":"","publisher":{"@id":"https:\/\/jpn.mirex.gob.do\/consular\/tokio\/#organization"},"potentialAction":[{"@type":"SearchAction","target":{"@type":"EntryPoint","urlTemplate":"https:\/\/jpn.mirex.gob.do\/consular\/tokio\/?s={search_term_string}"},"query-input":{"@type":"PropertyValueSpecification","valueRequired":true,"valueName":"search_term_string"}}],"inLanguage":"en-US"},{"@type":"Organization","@id":"https:\/\/jpn.mirex.gob.do\/consular\/tokio\/#organization","name":"Consulado General de la Rep\u00fablica Dominicana en Tokio, Jap\u00f3n","url":"https:\/\/jpn.mirex.gob.do\/consular\/tokio\/","logo":{"@type":"ImageObject","inLanguage":"en-US","@id":"https:\/\/jpn.mirex.gob.do\/consular\/tokio\/#\/schema\/logo\/image\/","url":"https:\/\/jpn.mirex.gob.do\/consular\/tokio\/wp-content\/uploads\/2021\/11\/CONSULADO-Tokio-Japon-RD-04.png","contentUrl":"https:\/\/jpn.mirex.gob.do\/consular\/tokio\/wp-content\/uploads\/2021\/11\/CONSULADO-Tokio-Japon-RD-04.png","width":4163,"height":1788,"caption":"Consulado General de la Rep\u00fablica Dominicana en Tokio, Jap\u00f3n"},"image":{"@id":"https:\/\/jpn.mirex.gob.do\/consular\/tokio\/#\/schema\/logo\/image\/"}},{"@type":"Person","@id":"https:\/\/jpn.mirex.gob.do\/consular\/tokio\/#\/schema\/person\/775ef64f3ad1a2b7f81bf7f364008b49","name":"etanaka","image":{"@type":"ImageObject","inLanguage":"en-US","@id":"https:\/\/secure.gravatar.com\/avatar\/abf4276b711ebf324ffb2e2969ae7d8232bb4192c4e0c72c537060fbe396ff16?s=96&d=mm&r=g","url":"https:\/\/secure.gravatar.com\/avatar\/abf4276b711ebf324ffb2e2969ae7d8232bb4192c4e0c72c537060fbe396ff16?s=96&d=mm&r=g","contentUrl":"https:\/\/secure.gravatar.com\/avatar\/abf4276b711ebf324ffb2e2969ae7d8232bb4192c4e0c72c537060fbe396ff16?s=96&d=mm&r=g","caption":"etanaka"},"sameAs":["https:\/\/etanaka.tk"]}]}},"_links":{"self":[{"href":"https:\/\/jpn.mirex.gob.do\/consular\/tokio\/wp-json\/wp\/v2\/posts\/6256","targetHints":{"allow":["GET"]}}],"collection":[{"href":"https:\/\/jpn.mirex.gob.do\/consular\/tokio\/wp-json\/wp\/v2\/posts"}],"about":[{"href":"https:\/\/jpn.mirex.gob.do\/consular\/tokio\/wp-json\/wp\/v2\/types\/post"}],"author":[{"embeddable":true,"href":"https:\/\/jpn.mirex.gob.do\/consular\/tokio\/wp-json\/wp\/v2\/users\/1"}],"replies":[{"embeddable":true,"href":"https:\/\/jpn.mirex.gob.do\/consular\/tokio\/wp-json\/wp\/v2\/comments?post=6256"}],"version-history":[{"count":17,"href":"https:\/\/jpn.mirex.gob.do\/consular\/tokio\/wp-json\/wp\/v2\/posts\/6256\/revisions"}],"predecessor-version":[{"id":6282,"href":"https:\/\/jpn.mirex.gob.do\/consular\/tokio\/wp-json\/wp\/v2\/posts\/6256\/revisions\/6282"}],"wp:featuredmedia":[{"embeddable":true,"href":"https:\/\/jpn.mirex.gob.do\/consular\/tokio\/wp-json\/wp\/v2\/media\/6257"}],"wp:attachment":[{"href":"https:\/\/jpn.mirex.gob.do\/consular\/tokio\/wp-json\/wp\/v2\/media?parent=6256"}],"wp:term":[{"taxonomy":"category","embeddable":true,"href":"https:\/\/jpn.mirex.gob.do\/consular\/tokio\/wp-json\/wp\/v2\/categories?post=6256"},{"taxonomy":"post_tag","embeddable":true,"href":"https:\/\/jpn.mirex.gob.do\/consular\/tokio\/wp-json\/wp\/v2\/tags?post=6256"}],"curies":[{"name":"wp","href":"https:\/\/api.w.org\/{rel}","templated":true}]}}