{"id":6317,"date":"2022-05-11T13:56:26","date_gmt":"2022-05-11T13:56:26","guid":{"rendered":"https:\/\/jpn.mirex.gob.do\/consular\/tokio\/?p=6317"},"modified":"2022-05-11T14:17:52","modified_gmt":"2022-05-11T14:17:52","slug":"primer-operativo-de-cedulacion-de-rd-en-tokio","status":"publish","type":"post","link":"https:\/\/jpn.mirex.gob.do\/consular\/tokio\/primer-operativo-de-cedulacion-de-rd-en-tokio\/","title":{"rendered":"Primer Operativo de Cedulaci\u00f3n de RD en Tokio"},"content":{"rendered":"\t\t<div data-elementor-type=\"wp-post\" data-elementor-id=\"6317\" class=\"elementor elementor-6317\" data-elementor-post-type=\"post\">\n\t\t\t\t\t\t<section class=\"elementor-section elementor-top-section elementor-element elementor-element-8972508 elementor-section-boxed elementor-section-height-default elementor-section-height-default\" data-id=\"8972508\" data-element_type=\"section\" data-e-type=\"section\">\n\t\t\t\t\t\t<div class=\"elementor-container elementor-column-gap-default\">\n\t\t\t\t\t<div class=\"elementor-column elementor-col-100 elementor-top-column elementor-element elementor-element-d8ad123\" data-id=\"d8ad123\" data-element_type=\"column\" data-e-type=\"column\">\n\t\t\t<div class=\"elementor-widget-wrap elementor-element-populated\">\n\t\t\t\t\t\t<div class=\"elementor-element elementor-element-9c5cc7e elementor-widget elementor-widget-text-editor\" data-id=\"9c5cc7e\" data-element_type=\"widget\" data-e-type=\"widget\" data-widget_type=\"text-editor.default\">\n\t\t\t\t<div class=\"elementor-widget-container\">\n\t\t\t\t\t\t\t\t\t<p><span style=\"color: #333333;\">El Consulado General de la Rep\u00fablica Dominicana en Tokio se enorgullece al ver nuestra comunidad radiante, por el cumplimiento de esta tan deseada promesa, como es la c\u00e9dula y acta de nacimiento a tan remota distancia, y que, adem\u00e1s, mantendremos los equipos para capturar huellas digitales e informaci\u00f3nes para continuar recibiendo c\u00e9dulas.<\/span><br style=\"color: #333333;\" \/><br style=\"color: #333333;\" \/><span style=\"color: #333333;\">Agradecemos al Magistrado J\u00e1quez Roman, Presidente de la JCE, Well Sep\u00falveda, Encargado del voto en el exterior y los incansables t\u00e9cnicos, G\u00e9nesis Vasquez y William Moody.<\/span><br style=\"color: #333333;\" \/><br style=\"color: #333333;\" \/><span style=\"color: #333333;\">Y gracias a la visi\u00f3n del Presidente m\u00e1s humano de la historia de la Rep\u00fablica Dominicana&#8230;<\/span><span style=\"color: #333333;\">seguimos CAMBIANDO!\u201d<\/span><\/p>\t\t\t\t\t\t\t\t<\/div>\n\t\t\t\t<\/div>\n\t\t\t\t\t<\/div>\n\t\t<\/div>\n\t\t\t\t\t<\/div>\n\t\t<\/section>\n\t\t\t\t<section class=\"elementor-section elementor-top-section elementor-element elementor-element-328afbc elementor-section-boxed elementor-section-height-default elementor-section-height-default\" data-id=\"328afbc\" data-element_type=\"section\" data-e-type=\"section\">\n\t\t\t\t\t\t<div class=\"elementor-container elementor-column-gap-default\">\n\t\t\t\t\t<div class=\"elementor-column elementor-col-100 elementor-top-column elementor-element elementor-element-94dcd58\" data-id=\"94dcd58\" data-element_type=\"column\" data-e-type=\"column\">\n\t\t\t<div class=\"elementor-widget-wrap elementor-element-populated\">\n\t\t\t\t\t\t<div class=\"elementor-element elementor-element-0dad9ad elementor-widget elementor-widget-video\" data-id=\"0dad9ad\" data-element_type=\"widget\" data-e-type=\"widget\" data-settings=\"{&quot;video_type&quot;:&quot;hosted&quot;,&quot;controls&quot;:&quot;yes&quot;}\" data-widget_type=\"video.default\">\n\t\t\t\t<div class=\"elementor-widget-container\">\n\t\t\t\t\t\t\t<div class=\"e-hosted-video elementor-wrapper elementor-open-inline\">\n\t\t\t\t\t<video class=\"elementor-video\" src=\"https:\/\/jpn.mirex.gob.do\/consular\/tokio\/wp-content\/uploads\/2022\/05\/279100408_381908010512509_3297243748166551470_n-1.mp4\" controls=\"\" preload=\"metadata\" controlsList=\"nodownload\"><\/video>\n\t\t\t\t<\/div>\n\t\t\t\t\t\t<\/div>\n\t\t\t\t<\/div>\n\t\t\t\t\t<\/div>\n\t\t<\/div>\n\t\t\t\t\t<\/div>\n\t\t<\/section>\n\t\t\t\t<section class=\"elementor-section elementor-top-section elementor-element elementor-element-28ab69a elementor-section-boxed elementor-section-height-default elementor-section-height-default\" data-id=\"28ab69a\" data-element_type=\"section\" data-e-type=\"section\">\n\t\t\t\t\t\t<div class=\"elementor-container elementor-column-gap-default\">\n\t\t\t\t\t<div class=\"elementor-column elementor-col-33 elementor-top-column elementor-element elementor-element-4837547\" data-id=\"4837547\" data-element_type=\"column\" data-e-type=\"column\">\n\t\t\t<div class=\"elementor-widget-wrap elementor-element-populated\">\n\t\t\t\t\t\t<div class=\"elementor-element elementor-element-c66c59a elementor-widget elementor-widget-image\" data-id=\"c66c59a\" data-element_type=\"widget\" data-e-type=\"widget\" data-widget_type=\"image.default\">\n\t\t\t\t<div class=\"elementor-widget-container\">\n\t\t\t\t\t\t\t\t\t\t\t\t\t\t\t<img fetchpriority=\"high\" decoding=\"async\" width=\"827\" height=\"1024\" src=\"https:\/\/jpn.mirex.gob.do\/consular\/tokio\/wp-content\/uploads\/2022\/05\/279245332_1443531076086529_1863310241437090365_n-827x1024.jpg\" class=\"attachment-large size-large wp-image-6324\" alt=\"\" srcset=\"https:\/\/jpn.mirex.gob.do\/consular\/tokio\/wp-content\/uploads\/2022\/05\/279245332_1443531076086529_1863310241437090365_n-827x1024.jpg 827w, https:\/\/jpn.mirex.gob.do\/consular\/tokio\/wp-content\/uploads\/2022\/05\/279245332_1443531076086529_1863310241437090365_n-242x300.jpg 242w, https:\/\/jpn.mirex.gob.do\/consular\/tokio\/wp-content\/uploads\/2022\/05\/279245332_1443531076086529_1863310241437090365_n-768x951.jpg 768w, https:\/\/jpn.mirex.gob.do\/consular\/tokio\/wp-content\/uploads\/2022\/05\/279245332_1443531076086529_1863310241437090365_n.jpg 1080w\" sizes=\"(max-width: 827px) 100vw, 827px\" \/>\t\t\t\t\t\t\t\t\t\t\t\t\t\t\t<\/div>\n\t\t\t\t<\/div>\n\t\t\t\t\t<\/div>\n\t\t<\/div>\n\t\t\t\t<div class=\"elementor-column elementor-col-33 elementor-top-column elementor-element elementor-element-c60f714\" data-id=\"c60f714\" data-element_type=\"column\" data-e-type=\"column\">\n\t\t\t<div class=\"elementor-widget-wrap elementor-element-populated\">\n\t\t\t\t\t\t<div class=\"elementor-element elementor-element-206e92e elementor-widget elementor-widget-image\" data-id=\"206e92e\" data-element_type=\"widget\" data-e-type=\"widget\" data-widget_type=\"image.default\">\n\t\t\t\t<div class=\"elementor-widget-container\">\n\t\t\t\t\t\t\t\t\t\t\t\t\t\t\t<img decoding=\"async\" width=\"827\" height=\"1024\" src=\"https:\/\/jpn.mirex.gob.do\/consular\/tokio\/wp-content\/uploads\/2022\/05\/279213376_712794836526015_3710119543727341835_n-827x1024.jpg\" class=\"attachment-large size-large wp-image-6323\" alt=\"\" srcset=\"https:\/\/jpn.mirex.gob.do\/consular\/tokio\/wp-content\/uploads\/2022\/05\/279213376_712794836526015_3710119543727341835_n-827x1024.jpg 827w, https:\/\/jpn.mirex.gob.do\/consular\/tokio\/wp-content\/uploads\/2022\/05\/279213376_712794836526015_3710119543727341835_n-242x300.jpg 242w, https:\/\/jpn.mirex.gob.do\/consular\/tokio\/wp-content\/uploads\/2022\/05\/279213376_712794836526015_3710119543727341835_n-768x951.jpg 768w, https:\/\/jpn.mirex.gob.do\/consular\/tokio\/wp-content\/uploads\/2022\/05\/279213376_712794836526015_3710119543727341835_n.jpg 1080w\" sizes=\"(max-width: 827px) 100vw, 827px\" \/>\t\t\t\t\t\t\t\t\t\t\t\t\t\t\t<\/div>\n\t\t\t\t<\/div>\n\t\t\t\t\t<\/div>\n\t\t<\/div>\n\t\t\t\t<div class=\"elementor-column elementor-col-33 elementor-top-column elementor-element elementor-element-adcb424\" data-id=\"adcb424\" data-element_type=\"column\" data-e-type=\"column\">\n\t\t\t<div class=\"elementor-widget-wrap elementor-element-populated\">\n\t\t\t\t\t\t<div class=\"elementor-element elementor-element-42777ec elementor-widget elementor-widget-image\" data-id=\"42777ec\" data-element_type=\"widget\" data-e-type=\"widget\" data-widget_type=\"image.default\">\n\t\t\t\t<div class=\"elementor-widget-container\">\n\t\t\t\t\t\t\t\t\t\t\t\t\t\t\t<img decoding=\"async\" width=\"827\" height=\"1024\" src=\"https:\/\/jpn.mirex.gob.do\/consular\/tokio\/wp-content\/uploads\/2022\/05\/279160521_169799718804125_7832741192250224621_n-827x1024.jpg\" class=\"attachment-large size-large wp-image-6321\" alt=\"\" srcset=\"https:\/\/jpn.mirex.gob.do\/consular\/tokio\/wp-content\/uploads\/2022\/05\/279160521_169799718804125_7832741192250224621_n-827x1024.jpg 827w, https:\/\/jpn.mirex.gob.do\/consular\/tokio\/wp-content\/uploads\/2022\/05\/279160521_169799718804125_7832741192250224621_n-242x300.jpg 242w, https:\/\/jpn.mirex.gob.do\/consular\/tokio\/wp-content\/uploads\/2022\/05\/279160521_169799718804125_7832741192250224621_n-768x951.jpg 768w, https:\/\/jpn.mirex.gob.do\/consular\/tokio\/wp-content\/uploads\/2022\/05\/279160521_169799718804125_7832741192250224621_n.jpg 1080w\" sizes=\"(max-width: 827px) 100vw, 827px\" \/>\t\t\t\t\t\t\t\t\t\t\t\t\t\t\t<\/div>\n\t\t\t\t<\/div>\n\t\t\t\t\t<\/div>\n\t\t<\/div>\n\t\t\t\t\t<\/div>\n\t\t<\/section>\n\t\t\t\t<section class=\"elementor-section elementor-top-section elementor-element elementor-element-cc776f6 elementor-section-boxed elementor-section-height-default elementor-section-height-default\" data-id=\"cc776f6\" data-element_type=\"section\" data-e-type=\"section\">\n\t\t\t\t\t\t<div class=\"elementor-container elementor-column-gap-default\">\n\t\t\t\t\t<div class=\"elementor-column elementor-col-33 elementor-top-column elementor-element elementor-element-ae518e6\" data-id=\"ae518e6\" data-element_type=\"column\" data-e-type=\"column\">\n\t\t\t<div class=\"elementor-widget-wrap elementor-element-populated\">\n\t\t\t\t\t\t<div class=\"elementor-element elementor-element-b2b233a elementor-widget elementor-widget-image\" data-id=\"b2b233a\" data-element_type=\"widget\" data-e-type=\"widget\" data-widget_type=\"image.default\">\n\t\t\t\t<div class=\"elementor-widget-container\">\n\t\t\t\t\t\t\t\t\t\t\t\t\t\t\t<img loading=\"lazy\" decoding=\"async\" width=\"827\" height=\"1024\" src=\"https:\/\/jpn.mirex.gob.do\/consular\/tokio\/wp-content\/uploads\/2022\/05\/279169831_1192753661482686_5444002629285343212_n-827x1024.jpg\" class=\"attachment-large size-large wp-image-6322\" alt=\"\" srcset=\"https:\/\/jpn.mirex.gob.do\/consular\/tokio\/wp-content\/uploads\/2022\/05\/279169831_1192753661482686_5444002629285343212_n-827x1024.jpg 827w, https:\/\/jpn.mirex.gob.do\/consular\/tokio\/wp-content\/uploads\/2022\/05\/279169831_1192753661482686_5444002629285343212_n-242x300.jpg 242w, https:\/\/jpn.mirex.gob.do\/consular\/tokio\/wp-content\/uploads\/2022\/05\/279169831_1192753661482686_5444002629285343212_n-768x951.jpg 768w, https:\/\/jpn.mirex.gob.do\/consular\/tokio\/wp-content\/uploads\/2022\/05\/279169831_1192753661482686_5444002629285343212_n.jpg 1080w\" sizes=\"(max-width: 827px) 100vw, 827px\" \/>\t\t\t\t\t\t\t\t\t\t\t\t\t\t\t<\/div>\n\t\t\t\t<\/div>\n\t\t\t\t\t<\/div>\n\t\t<\/div>\n\t\t\t\t<div class=\"elementor-column elementor-col-33 elementor-top-column elementor-element elementor-element-c2b7e1b\" data-id=\"c2b7e1b\" data-element_type=\"column\" data-e-type=\"column\">\n\t\t\t<div class=\"elementor-widget-wrap elementor-element-populated\">\n\t\t\t\t\t\t<div class=\"elementor-element elementor-element-59c2ec5 elementor-widget elementor-widget-image\" data-id=\"59c2ec5\" data-element_type=\"widget\" data-e-type=\"widget\" data-widget_type=\"image.default\">\n\t\t\t\t<div class=\"elementor-widget-container\">\n\t\t\t\t\t\t\t\t\t\t\t\t\t\t\t<img loading=\"lazy\" decoding=\"async\" width=\"827\" height=\"1024\" src=\"https:\/\/jpn.mirex.gob.do\/consular\/tokio\/wp-content\/uploads\/2022\/05\/279119825_4808846265893404_1597640104177454605_n-827x1024.jpg\" class=\"attachment-large size-large wp-image-6319\" alt=\"\" srcset=\"https:\/\/jpn.mirex.gob.do\/consular\/tokio\/wp-content\/uploads\/2022\/05\/279119825_4808846265893404_1597640104177454605_n-827x1024.jpg 827w, https:\/\/jpn.mirex.gob.do\/consular\/tokio\/wp-content\/uploads\/2022\/05\/279119825_4808846265893404_1597640104177454605_n-242x300.jpg 242w, https:\/\/jpn.mirex.gob.do\/consular\/tokio\/wp-content\/uploads\/2022\/05\/279119825_4808846265893404_1597640104177454605_n-768x951.jpg 768w, https:\/\/jpn.mirex.gob.do\/consular\/tokio\/wp-content\/uploads\/2022\/05\/279119825_4808846265893404_1597640104177454605_n.jpg 1080w\" sizes=\"(max-width: 827px) 100vw, 827px\" \/>\t\t\t\t\t\t\t\t\t\t\t\t\t\t\t<\/div>\n\t\t\t\t<\/div>\n\t\t\t\t\t<\/div>\n\t\t<\/div>\n\t\t\t\t<div class=\"elementor-column elementor-col-33 elementor-top-column elementor-element elementor-element-2a30996\" data-id=\"2a30996\" data-element_type=\"column\" data-e-type=\"column\">\n\t\t\t<div class=\"elementor-widget-wrap elementor-element-populated\">\n\t\t\t\t\t\t<div class=\"elementor-element elementor-element-7fe7301 elementor-widget elementor-widget-image\" data-id=\"7fe7301\" data-element_type=\"widget\" data-e-type=\"widget\" data-widget_type=\"image.default\">\n\t\t\t\t<div class=\"elementor-widget-container\">\n\t\t\t\t\t\t\t\t\t\t\t\t\t\t\t<img loading=\"lazy\" decoding=\"async\" width=\"822\" height=\"1024\" src=\"https:\/\/jpn.mirex.gob.do\/consular\/tokio\/wp-content\/uploads\/2022\/05\/279282581_114165464607279_2223656542146640473_n-822x1024.jpg\" class=\"attachment-large size-large wp-image-6325\" alt=\"\" srcset=\"https:\/\/jpn.mirex.gob.do\/consular\/tokio\/wp-content\/uploads\/2022\/05\/279282581_114165464607279_2223656542146640473_n-822x1024.jpg 822w, https:\/\/jpn.mirex.gob.do\/consular\/tokio\/wp-content\/uploads\/2022\/05\/279282581_114165464607279_2223656542146640473_n-241x300.jpg 241w, https:\/\/jpn.mirex.gob.do\/consular\/tokio\/wp-content\/uploads\/2022\/05\/279282581_114165464607279_2223656542146640473_n-768x957.jpg 768w, https:\/\/jpn.mirex.gob.do\/consular\/tokio\/wp-content\/uploads\/2022\/05\/279282581_114165464607279_2223656542146640473_n.jpg 1080w\" sizes=\"(max-width: 822px) 100vw, 822px\" \/>\t\t\t\t\t\t\t\t\t\t\t\t\t\t\t<\/div>\n\t\t\t\t<\/div>\n\t\t\t\t\t<\/div>\n\t\t<\/div>\n\t\t\t\t\t<\/div>\n\t\t<\/section>\n\t\t\t\t<\/div>\n\t\t","protected":false},"excerpt":{"rendered":"<p>El Consulado General de la Rep\u00fablica Dominicana en Tokio se enorgullece al ver nuestra comunidad radiante, por el cumplimiento de esta tan deseada promesa, como es la c\u00e9dula y acta de nacimiento a tan remota distancia, y que, adem\u00e1s, mantendremos los equipos para capturar huellas digitales e informaci\u00f3nes para continuar recibiendo c\u00e9dulas.Agradecemos al Magistrado J\u00e1quez [&hellip;]<\/p>\n","protected":false},"author":1,"featured_media":0,"comment_status":"closed","ping_status":"open","sticky":false,"template":"","format":"standard","meta":{"site-sidebar-layout":"default","site-content-layout":"default","ast-site-content-layout":"default","site-content-style":"default","site-sidebar-style":"default","ast-global-header-display":"","ast-banner-title-visibility":"","ast-main-header-display":"","ast-hfb-above-header-display":"","ast-hfb-below-header-display":"","ast-hfb-mobile-header-display":"","site-post-title":"","ast-breadcrumbs-content":"","ast-featured-img":"","footer-sml-layout":"","ast-disable-related-posts":"","theme-transparent-header-meta":"default","adv-header-id-meta":"","stick-header-meta":"","header-above-stick-meta":"","header-main-stick-meta":"","header-below-stick-meta":"","astra-migrate-meta-layouts":"default","ast-page-background-enabled":"default","ast-page-background-meta":{"desktop":{"background-color":"","background-image":"","background-repeat":"repeat","background-position":"center center","background-size":"auto","background-attachment":"scroll","background-type":"","background-media":"","overlay-type":"","overlay-color":"","overlay-opacity":"","overlay-gradient":""},"tablet":{"background-color":"","background-image":"","background-repeat":"repeat","background-position":"center center","background-size":"auto","background-attachment":"scroll","background-type":"","background-media":"","overlay-type":"","overlay-color":"","overlay-opacity":"","overlay-gradient":""},"mobile":{"background-color":"","background-image":"","background-repeat":"repeat","background-position":"center center","background-size":"auto","background-attachment":"scroll","background-type":"","background-media":"","overlay-type":"","overlay-color":"","overlay-opacity":"","overlay-gradient":""}},"ast-content-background-meta":{"desktop":{"background-color":"var(--ast-global-color-5)","background-image":"","background-repeat":"repeat","background-position":"center center","background-size":"auto","background-attachment":"scroll","background-type":"","background-media":"","overlay-type":"","overlay-color":"","overlay-opacity":"","overlay-gradient":""},"tablet":{"background-color":"var(--ast-global-color-5)","background-image":"","background-repeat":"repeat","background-position":"center center","background-size":"auto","background-attachment":"scroll","background-type":"","background-media":"","overlay-type":"","overlay-color":"","overlay-opacity":"","overlay-gradient":""},"mobile":{"background-color":"var(--ast-global-color-5)","background-image":"","background-repeat":"repeat","background-position":"center center","background-size":"auto","background-attachment":"scroll","background-type":"","background-media":"","overlay-type":"","overlay-color":"","overlay-opacity":"","overlay-gradient":""}},"footnotes":""},"categories":[5],"tags":[],"class_list":["post-6317","post","type-post","status-publish","format-standard","hentry","category-noticias"],"yoast_head":"<!-- This site is optimized with the Yoast SEO plugin v27.4 - https:\/\/yoast.com\/product\/yoast-seo-wordpress\/ -->\n<title>Primer Operativo de Cedulaci\u00f3n de RD en Tokio - Consulado General de la Rep\u00fablica Dominicana en Tokio, Jap\u00f3n<\/title>\n<meta name=\"robots\" content=\"index, follow, max-snippet:-1, max-image-preview:large, max-video-preview:-1\" \/>\n<link rel=\"canonical\" href=\"https:\/\/jpn.mirex.gob.do\/consular\/tokio\/primer-operativo-de-cedulacion-de-rd-en-tokio\/\" \/>\n<meta property=\"og:locale\" content=\"en_US\" \/>\n<meta property=\"og:type\" content=\"article\" \/>\n<meta property=\"og:title\" content=\"Primer Operativo de Cedulaci\u00f3n de RD en Tokio - Consulado General de la Rep\u00fablica Dominicana en Tokio, Jap\u00f3n\" \/>\n<meta property=\"og:description\" content=\"El Consulado General de la Rep\u00fablica Dominicana en Tokio se enorgullece al ver nuestra comunidad radiante, por el cumplimiento de esta tan deseada promesa, como es la c\u00e9dula y acta de nacimiento a tan remota distancia, y que, adem\u00e1s, mantendremos los equipos para capturar huellas digitales e informaci\u00f3nes para continuar recibiendo c\u00e9dulas.Agradecemos al Magistrado J\u00e1quez [&hellip;]\" \/>\n<meta property=\"og:url\" content=\"https:\/\/jpn.mirex.gob.do\/consular\/tokio\/primer-operativo-de-cedulacion-de-rd-en-tokio\/\" \/>\n<meta property=\"og:site_name\" content=\"Consulado General de la Rep\u00fablica Dominicana en Tokio, Jap\u00f3n\" \/>\n<meta property=\"article:published_time\" content=\"2022-05-11T13:56:26+00:00\" \/>\n<meta property=\"article:modified_time\" content=\"2022-05-11T14:17:52+00:00\" \/>\n<meta property=\"og:image\" content=\"https:\/\/jpn.mirex.gob.do\/consular\/tokio\/wp-content\/uploads\/2022\/05\/279245332_1443531076086529_1863310241437090365_n-827x1024.jpg\" \/>\n<meta name=\"author\" content=\"etanaka\" \/>\n<meta name=\"twitter:card\" content=\"summary_large_image\" \/>\n<meta name=\"twitter:label1\" content=\"Written by\" \/>\n\t<meta name=\"twitter:data1\" content=\"etanaka\" \/>\n\t<meta name=\"twitter:label2\" content=\"Est. reading time\" \/>\n\t<meta name=\"twitter:data2\" content=\"2 minutes\" \/>\n<script type=\"application\/ld+json\" class=\"yoast-schema-graph\">{\"@context\":\"https:\\\/\\\/schema.org\",\"@graph\":[{\"@type\":\"Article\",\"@id\":\"https:\\\/\\\/jpn.mirex.gob.do\\\/consular\\\/tokio\\\/primer-operativo-de-cedulacion-de-rd-en-tokio\\\/#article\",\"isPartOf\":{\"@id\":\"https:\\\/\\\/jpn.mirex.gob.do\\\/consular\\\/tokio\\\/primer-operativo-de-cedulacion-de-rd-en-tokio\\\/\"},\"author\":{\"name\":\"etanaka\",\"@id\":\"https:\\\/\\\/jpn.mirex.gob.do\\\/consular\\\/tokio\\\/#\\\/schema\\\/person\\\/775ef64f3ad1a2b7f81bf7f364008b49\"},\"headline\":\"Primer Operativo de Cedulaci\u00f3n de RD en Tokio\",\"datePublished\":\"2022-05-11T13:56:26+00:00\",\"dateModified\":\"2022-05-11T14:17:52+00:00\",\"mainEntityOfPage\":{\"@id\":\"https:\\\/\\\/jpn.mirex.gob.do\\\/consular\\\/tokio\\\/primer-operativo-de-cedulacion-de-rd-en-tokio\\\/\"},\"wordCount\":128,\"publisher\":{\"@id\":\"https:\\\/\\\/jpn.mirex.gob.do\\\/consular\\\/tokio\\\/#organization\"},\"image\":{\"@id\":\"https:\\\/\\\/jpn.mirex.gob.do\\\/consular\\\/tokio\\\/primer-operativo-de-cedulacion-de-rd-en-tokio\\\/#primaryimage\"},\"thumbnailUrl\":\"https:\\\/\\\/jpn.mirex.gob.do\\\/consular\\\/tokio\\\/wp-content\\\/uploads\\\/2022\\\/05\\\/279245332_1443531076086529_1863310241437090365_n-827x1024.jpg\",\"articleSection\":[\"Noticias\"],\"inLanguage\":\"en-US\"},{\"@type\":\"WebPage\",\"@id\":\"https:\\\/\\\/jpn.mirex.gob.do\\\/consular\\\/tokio\\\/primer-operativo-de-cedulacion-de-rd-en-tokio\\\/\",\"url\":\"https:\\\/\\\/jpn.mirex.gob.do\\\/consular\\\/tokio\\\/primer-operativo-de-cedulacion-de-rd-en-tokio\\\/\",\"name\":\"Primer Operativo de Cedulaci\u00f3n de RD en Tokio - Consulado General de la Rep\u00fablica Dominicana en Tokio, Jap\u00f3n\",\"isPartOf\":{\"@id\":\"https:\\\/\\\/jpn.mirex.gob.do\\\/consular\\\/tokio\\\/#website\"},\"primaryImageOfPage\":{\"@id\":\"https:\\\/\\\/jpn.mirex.gob.do\\\/consular\\\/tokio\\\/primer-operativo-de-cedulacion-de-rd-en-tokio\\\/#primaryimage\"},\"image\":{\"@id\":\"https:\\\/\\\/jpn.mirex.gob.do\\\/consular\\\/tokio\\\/primer-operativo-de-cedulacion-de-rd-en-tokio\\\/#primaryimage\"},\"thumbnailUrl\":\"https:\\\/\\\/jpn.mirex.gob.do\\\/consular\\\/tokio\\\/wp-content\\\/uploads\\\/2022\\\/05\\\/279245332_1443531076086529_1863310241437090365_n-827x1024.jpg\",\"datePublished\":\"2022-05-11T13:56:26+00:00\",\"dateModified\":\"2022-05-11T14:17:52+00:00\",\"breadcrumb\":{\"@id\":\"https:\\\/\\\/jpn.mirex.gob.do\\\/consular\\\/tokio\\\/primer-operativo-de-cedulacion-de-rd-en-tokio\\\/#breadcrumb\"},\"inLanguage\":\"en-US\",\"potentialAction\":[{\"@type\":\"ReadAction\",\"target\":[\"https:\\\/\\\/jpn.mirex.gob.do\\\/consular\\\/tokio\\\/primer-operativo-de-cedulacion-de-rd-en-tokio\\\/\"]}]},{\"@type\":\"ImageObject\",\"inLanguage\":\"en-US\",\"@id\":\"https:\\\/\\\/jpn.mirex.gob.do\\\/consular\\\/tokio\\\/primer-operativo-de-cedulacion-de-rd-en-tokio\\\/#primaryimage\",\"url\":\"https:\\\/\\\/jpn.mirex.gob.do\\\/consular\\\/tokio\\\/wp-content\\\/uploads\\\/2022\\\/05\\\/279245332_1443531076086529_1863310241437090365_n.jpg\",\"contentUrl\":\"https:\\\/\\\/jpn.mirex.gob.do\\\/consular\\\/tokio\\\/wp-content\\\/uploads\\\/2022\\\/05\\\/279245332_1443531076086529_1863310241437090365_n.jpg\",\"width\":1080,\"height\":1338},{\"@type\":\"BreadcrumbList\",\"@id\":\"https:\\\/\\\/jpn.mirex.gob.do\\\/consular\\\/tokio\\\/primer-operativo-de-cedulacion-de-rd-en-tokio\\\/#breadcrumb\",\"itemListElement\":[{\"@type\":\"ListItem\",\"position\":1,\"name\":\"Inicio\",\"item\":\"https:\\\/\\\/jpn.mirex.gob.do\\\/consular\\\/tokio\\\/\"},{\"@type\":\"ListItem\",\"position\":2,\"name\":\"Primer Operativo de Cedulaci\u00f3n de RD en Tokio\"}]},{\"@type\":\"WebSite\",\"@id\":\"https:\\\/\\\/jpn.mirex.gob.do\\\/consular\\\/tokio\\\/#website\",\"url\":\"https:\\\/\\\/jpn.mirex.gob.do\\\/consular\\\/tokio\\\/\",\"name\":\"Consulado General de la Rep\u00fablica Dominicana en Tokio, Jap\u00f3n\",\"description\":\"\",\"publisher\":{\"@id\":\"https:\\\/\\\/jpn.mirex.gob.do\\\/consular\\\/tokio\\\/#organization\"},\"potentialAction\":[{\"@type\":\"SearchAction\",\"target\":{\"@type\":\"EntryPoint\",\"urlTemplate\":\"https:\\\/\\\/jpn.mirex.gob.do\\\/consular\\\/tokio\\\/?s={search_term_string}\"},\"query-input\":{\"@type\":\"PropertyValueSpecification\",\"valueRequired\":true,\"valueName\":\"search_term_string\"}}],\"inLanguage\":\"en-US\"},{\"@type\":\"Organization\",\"@id\":\"https:\\\/\\\/jpn.mirex.gob.do\\\/consular\\\/tokio\\\/#organization\",\"name\":\"Consulado General de la Rep\u00fablica Dominicana en Tokio, Jap\u00f3n\",\"url\":\"https:\\\/\\\/jpn.mirex.gob.do\\\/consular\\\/tokio\\\/\",\"logo\":{\"@type\":\"ImageObject\",\"inLanguage\":\"en-US\",\"@id\":\"https:\\\/\\\/jpn.mirex.gob.do\\\/consular\\\/tokio\\\/#\\\/schema\\\/logo\\\/image\\\/\",\"url\":\"https:\\\/\\\/jpn.mirex.gob.do\\\/consular\\\/tokio\\\/wp-content\\\/uploads\\\/2021\\\/11\\\/CONSULADO-Tokio-Japon-RD-04.png\",\"contentUrl\":\"https:\\\/\\\/jpn.mirex.gob.do\\\/consular\\\/tokio\\\/wp-content\\\/uploads\\\/2021\\\/11\\\/CONSULADO-Tokio-Japon-RD-04.png\",\"width\":4163,\"height\":1788,\"caption\":\"Consulado General de la Rep\u00fablica Dominicana en Tokio, Jap\u00f3n\"},\"image\":{\"@id\":\"https:\\\/\\\/jpn.mirex.gob.do\\\/consular\\\/tokio\\\/#\\\/schema\\\/logo\\\/image\\\/\"}},{\"@type\":\"Person\",\"@id\":\"https:\\\/\\\/jpn.mirex.gob.do\\\/consular\\\/tokio\\\/#\\\/schema\\\/person\\\/775ef64f3ad1a2b7f81bf7f364008b49\",\"name\":\"etanaka\",\"image\":{\"@type\":\"ImageObject\",\"inLanguage\":\"en-US\",\"@id\":\"https:\\\/\\\/secure.gravatar.com\\\/avatar\\\/abf4276b711ebf324ffb2e2969ae7d8232bb4192c4e0c72c537060fbe396ff16?s=96&d=mm&r=g\",\"url\":\"https:\\\/\\\/secure.gravatar.com\\\/avatar\\\/abf4276b711ebf324ffb2e2969ae7d8232bb4192c4e0c72c537060fbe396ff16?s=96&d=mm&r=g\",\"contentUrl\":\"https:\\\/\\\/secure.gravatar.com\\\/avatar\\\/abf4276b711ebf324ffb2e2969ae7d8232bb4192c4e0c72c537060fbe396ff16?s=96&d=mm&r=g\",\"caption\":\"etanaka\"},\"sameAs\":[\"https:\\\/\\\/etanaka.tk\"]}]}<\/script>\n<!-- \/ Yoast SEO plugin. -->","yoast_head_json":{"title":"Primer Operativo de Cedulaci\u00f3n de RD en Tokio - Consulado General de la Rep\u00fablica Dominicana en Tokio, Jap\u00f3n","robots":{"index":"index","follow":"follow","max-snippet":"max-snippet:-1","max-image-preview":"max-image-preview:large","max-video-preview":"max-video-preview:-1"},"canonical":"https:\/\/jpn.mirex.gob.do\/consular\/tokio\/primer-operativo-de-cedulacion-de-rd-en-tokio\/","og_locale":"en_US","og_type":"article","og_title":"Primer Operativo de Cedulaci\u00f3n de RD en Tokio - Consulado General de la Rep\u00fablica Dominicana en Tokio, Jap\u00f3n","og_description":"El Consulado General de la Rep\u00fablica Dominicana en Tokio se enorgullece al ver nuestra comunidad radiante, por el cumplimiento de esta tan deseada promesa, como es la c\u00e9dula y acta de nacimiento a tan remota distancia, y que, adem\u00e1s, mantendremos los equipos para capturar huellas digitales e informaci\u00f3nes para continuar recibiendo c\u00e9dulas.Agradecemos al Magistrado J\u00e1quez [&hellip;]","og_url":"https:\/\/jpn.mirex.gob.do\/consular\/tokio\/primer-operativo-de-cedulacion-de-rd-en-tokio\/","og_site_name":"Consulado General de la Rep\u00fablica Dominicana en Tokio, Jap\u00f3n","article_published_time":"2022-05-11T13:56:26+00:00","article_modified_time":"2022-05-11T14:17:52+00:00","og_image":[{"url":"https:\/\/jpn.mirex.gob.do\/consular\/tokio\/wp-content\/uploads\/2022\/05\/279245332_1443531076086529_1863310241437090365_n-827x1024.jpg","type":"","width":"","height":""}],"author":"etanaka","twitter_card":"summary_large_image","twitter_misc":{"Written by":"etanaka","Est. reading time":"2 minutes"},"schema":{"@context":"https:\/\/schema.org","@graph":[{"@type":"Article","@id":"https:\/\/jpn.mirex.gob.do\/consular\/tokio\/primer-operativo-de-cedulacion-de-rd-en-tokio\/#article","isPartOf":{"@id":"https:\/\/jpn.mirex.gob.do\/consular\/tokio\/primer-operativo-de-cedulacion-de-rd-en-tokio\/"},"author":{"name":"etanaka","@id":"https:\/\/jpn.mirex.gob.do\/consular\/tokio\/#\/schema\/person\/775ef64f3ad1a2b7f81bf7f364008b49"},"headline":"Primer Operativo de Cedulaci\u00f3n de RD en Tokio","datePublished":"2022-05-11T13:56:26+00:00","dateModified":"2022-05-11T14:17:52+00:00","mainEntityOfPage":{"@id":"https:\/\/jpn.mirex.gob.do\/consular\/tokio\/primer-operativo-de-cedulacion-de-rd-en-tokio\/"},"wordCount":128,"publisher":{"@id":"https:\/\/jpn.mirex.gob.do\/consular\/tokio\/#organization"},"image":{"@id":"https:\/\/jpn.mirex.gob.do\/consular\/tokio\/primer-operativo-de-cedulacion-de-rd-en-tokio\/#primaryimage"},"thumbnailUrl":"https:\/\/jpn.mirex.gob.do\/consular\/tokio\/wp-content\/uploads\/2022\/05\/279245332_1443531076086529_1863310241437090365_n-827x1024.jpg","articleSection":["Noticias"],"inLanguage":"en-US"},{"@type":"WebPage","@id":"https:\/\/jpn.mirex.gob.do\/consular\/tokio\/primer-operativo-de-cedulacion-de-rd-en-tokio\/","url":"https:\/\/jpn.mirex.gob.do\/consular\/tokio\/primer-operativo-de-cedulacion-de-rd-en-tokio\/","name":"Primer Operativo de Cedulaci\u00f3n de RD en Tokio - Consulado General de la Rep\u00fablica Dominicana en Tokio, Jap\u00f3n","isPartOf":{"@id":"https:\/\/jpn.mirex.gob.do\/consular\/tokio\/#website"},"primaryImageOfPage":{"@id":"https:\/\/jpn.mirex.gob.do\/consular\/tokio\/primer-operativo-de-cedulacion-de-rd-en-tokio\/#primaryimage"},"image":{"@id":"https:\/\/jpn.mirex.gob.do\/consular\/tokio\/primer-operativo-de-cedulacion-de-rd-en-tokio\/#primaryimage"},"thumbnailUrl":"https:\/\/jpn.mirex.gob.do\/consular\/tokio\/wp-content\/uploads\/2022\/05\/279245332_1443531076086529_1863310241437090365_n-827x1024.jpg","datePublished":"2022-05-11T13:56:26+00:00","dateModified":"2022-05-11T14:17:52+00:00","breadcrumb":{"@id":"https:\/\/jpn.mirex.gob.do\/consular\/tokio\/primer-operativo-de-cedulacion-de-rd-en-tokio\/#breadcrumb"},"inLanguage":"en-US","potentialAction":[{"@type":"ReadAction","target":["https:\/\/jpn.mirex.gob.do\/consular\/tokio\/primer-operativo-de-cedulacion-de-rd-en-tokio\/"]}]},{"@type":"ImageObject","inLanguage":"en-US","@id":"https:\/\/jpn.mirex.gob.do\/consular\/tokio\/primer-operativo-de-cedulacion-de-rd-en-tokio\/#primaryimage","url":"https:\/\/jpn.mirex.gob.do\/consular\/tokio\/wp-content\/uploads\/2022\/05\/279245332_1443531076086529_1863310241437090365_n.jpg","contentUrl":"https:\/\/jpn.mirex.gob.do\/consular\/tokio\/wp-content\/uploads\/2022\/05\/279245332_1443531076086529_1863310241437090365_n.jpg","width":1080,"height":1338},{"@type":"BreadcrumbList","@id":"https:\/\/jpn.mirex.gob.do\/consular\/tokio\/primer-operativo-de-cedulacion-de-rd-en-tokio\/#breadcrumb","itemListElement":[{"@type":"ListItem","position":1,"name":"Inicio","item":"https:\/\/jpn.mirex.gob.do\/consular\/tokio\/"},{"@type":"ListItem","position":2,"name":"Primer Operativo de Cedulaci\u00f3n de RD en Tokio"}]},{"@type":"WebSite","@id":"https:\/\/jpn.mirex.gob.do\/consular\/tokio\/#website","url":"https:\/\/jpn.mirex.gob.do\/consular\/tokio\/","name":"Consulado General de la Rep\u00fablica Dominicana en Tokio, Jap\u00f3n","description":"","publisher":{"@id":"https:\/\/jpn.mirex.gob.do\/consular\/tokio\/#organization"},"potentialAction":[{"@type":"SearchAction","target":{"@type":"EntryPoint","urlTemplate":"https:\/\/jpn.mirex.gob.do\/consular\/tokio\/?s={search_term_string}"},"query-input":{"@type":"PropertyValueSpecification","valueRequired":true,"valueName":"search_term_string"}}],"inLanguage":"en-US"},{"@type":"Organization","@id":"https:\/\/jpn.mirex.gob.do\/consular\/tokio\/#organization","name":"Consulado General de la Rep\u00fablica Dominicana en Tokio, Jap\u00f3n","url":"https:\/\/jpn.mirex.gob.do\/consular\/tokio\/","logo":{"@type":"ImageObject","inLanguage":"en-US","@id":"https:\/\/jpn.mirex.gob.do\/consular\/tokio\/#\/schema\/logo\/image\/","url":"https:\/\/jpn.mirex.gob.do\/consular\/tokio\/wp-content\/uploads\/2021\/11\/CONSULADO-Tokio-Japon-RD-04.png","contentUrl":"https:\/\/jpn.mirex.gob.do\/consular\/tokio\/wp-content\/uploads\/2021\/11\/CONSULADO-Tokio-Japon-RD-04.png","width":4163,"height":1788,"caption":"Consulado General de la Rep\u00fablica Dominicana en Tokio, Jap\u00f3n"},"image":{"@id":"https:\/\/jpn.mirex.gob.do\/consular\/tokio\/#\/schema\/logo\/image\/"}},{"@type":"Person","@id":"https:\/\/jpn.mirex.gob.do\/consular\/tokio\/#\/schema\/person\/775ef64f3ad1a2b7f81bf7f364008b49","name":"etanaka","image":{"@type":"ImageObject","inLanguage":"en-US","@id":"https:\/\/secure.gravatar.com\/avatar\/abf4276b711ebf324ffb2e2969ae7d8232bb4192c4e0c72c537060fbe396ff16?s=96&d=mm&r=g","url":"https:\/\/secure.gravatar.com\/avatar\/abf4276b711ebf324ffb2e2969ae7d8232bb4192c4e0c72c537060fbe396ff16?s=96&d=mm&r=g","contentUrl":"https:\/\/secure.gravatar.com\/avatar\/abf4276b711ebf324ffb2e2969ae7d8232bb4192c4e0c72c537060fbe396ff16?s=96&d=mm&r=g","caption":"etanaka"},"sameAs":["https:\/\/etanaka.tk"]}]}},"_links":{"self":[{"href":"https:\/\/jpn.mirex.gob.do\/consular\/tokio\/wp-json\/wp\/v2\/posts\/6317","targetHints":{"allow":["GET"]}}],"collection":[{"href":"https:\/\/jpn.mirex.gob.do\/consular\/tokio\/wp-json\/wp\/v2\/posts"}],"about":[{"href":"https:\/\/jpn.mirex.gob.do\/consular\/tokio\/wp-json\/wp\/v2\/types\/post"}],"author":[{"embeddable":true,"href":"https:\/\/jpn.mirex.gob.do\/consular\/tokio\/wp-json\/wp\/v2\/users\/1"}],"replies":[{"embeddable":true,"href":"https:\/\/jpn.mirex.gob.do\/consular\/tokio\/wp-json\/wp\/v2\/comments?post=6317"}],"version-history":[{"count":7,"href":"https:\/\/jpn.mirex.gob.do\/consular\/tokio\/wp-json\/wp\/v2\/posts\/6317\/revisions"}],"predecessor-version":[{"id":6333,"href":"https:\/\/jpn.mirex.gob.do\/consular\/tokio\/wp-json\/wp\/v2\/posts\/6317\/revisions\/6333"}],"wp:attachment":[{"href":"https:\/\/jpn.mirex.gob.do\/consular\/tokio\/wp-json\/wp\/v2\/media?parent=6317"}],"wp:term":[{"taxonomy":"category","embeddable":true,"href":"https:\/\/jpn.mirex.gob.do\/consular\/tokio\/wp-json\/wp\/v2\/categories?post=6317"},{"taxonomy":"post_tag","embeddable":true,"href":"https:\/\/jpn.mirex.gob.do\/consular\/tokio\/wp-json\/wp\/v2\/tags?post=6317"}],"curies":[{"name":"wp","href":"https:\/\/api.w.org\/{rel}","templated":true}]}}