{"id":6427,"date":"2022-08-23T13:42:28","date_gmt":"2022-08-23T13:42:28","guid":{"rendered":"https:\/\/jpn.mirex.gob.do\/consular\/tokio\/?p=6427"},"modified":"2022-08-23T13:54:16","modified_gmt":"2022-08-23T13:54:16","slug":"encuentro-con-el-honorable-consul-general-de-la-republica-dominicana-en-nueva-york","status":"publish","type":"post","link":"https:\/\/jpn.mirex.gob.do\/consular\/tokio\/encuentro-con-el-honorable-consul-general-de-la-republica-dominicana-en-nueva-york\/","title":{"rendered":"Encuentro con el Honorable C\u00f3nsul General de la Rep\u00fablica Dominicana en Nueva York"},"content":{"rendered":"<p>El Honorable C\u00f3nsul General de la Rep\u00fablica Dominicana en Nueva York, Sr. Eligio J\u00e1quez,\u00a0 junto a su distinguida esposa y su Relacionador Publico, Sr. El\u00edas Barreras, sostuvieron un fraternal encuentro con nuestra C\u00f3nsul General Betsaira Cabrera Raful (Sah\u00edra) en su corto tr\u00e1nsito por la ciudad de Nueva York, en su ruta hacia nuestro pa\u00eds.<\/p>\n<p>La tertulia y el familiar almuerzo, reforzaron los lazos amistosos que desde hace tantos a\u00f1os los une.\u201d<\/p>\n","protected":false},"excerpt":{"rendered":"<p>El Honorable C\u00f3nsul General de la Rep\u00fablica Dominicana en Nueva York, Sr. Eligio J\u00e1quez,\u00a0 junto a su distinguida esposa y su Relacionador Publico, Sr. El\u00edas Barreras, sostuvieron un fraternal encuentro con nuestra C\u00f3nsul General Betsaira Cabrera Raful (Sah\u00edra) en su corto tr\u00e1nsito por la ciudad de Nueva York, en su ruta hacia nuestro pa\u00eds. La [&hellip;]<\/p>\n","protected":false},"author":1,"featured_media":6430,"comment_status":"closed","ping_status":"open","sticky":false,"template":"","format":"standard","meta":{"site-sidebar-layout":"default","site-content-layout":"default","ast-site-content-layout":"default","site-content-style":"default","site-sidebar-style":"default","ast-global-header-display":"","ast-banner-title-visibility":"","ast-main-header-display":"","ast-hfb-above-header-display":"","ast-hfb-below-header-display":"","ast-hfb-mobile-header-display":"","site-post-title":"","ast-breadcrumbs-content":"","ast-featured-img":"","footer-sml-layout":"","ast-disable-related-posts":"","theme-transparent-header-meta":"default","adv-header-id-meta":"","stick-header-meta":"","header-above-stick-meta":"","header-main-stick-meta":"","header-below-stick-meta":"","astra-migrate-meta-layouts":"default","ast-page-background-enabled":"default","ast-page-background-meta":{"desktop":{"background-color":"","background-image":"","background-repeat":"repeat","background-position":"center center","background-size":"auto","background-attachment":"scroll","background-type":"","background-media":"","overlay-type":"","overlay-color":"","overlay-opacity":"","overlay-gradient":""},"tablet":{"background-color":"","background-image":"","background-repeat":"repeat","background-position":"center center","background-size":"auto","background-attachment":"scroll","background-type":"","background-media":"","overlay-type":"","overlay-color":"","overlay-opacity":"","overlay-gradient":""},"mobile":{"background-color":"","background-image":"","background-repeat":"repeat","background-position":"center center","background-size":"auto","background-attachment":"scroll","background-type":"","background-media":"","overlay-type":"","overlay-color":"","overlay-opacity":"","overlay-gradient":""}},"ast-content-background-meta":{"desktop":{"background-color":"var(--ast-global-color-5)","background-image":"","background-repeat":"repeat","background-position":"center center","background-size":"auto","background-attachment":"scroll","background-type":"","background-media":"","overlay-type":"","overlay-color":"","overlay-opacity":"","overlay-gradient":""},"tablet":{"background-color":"var(--ast-global-color-5)","background-image":"","background-repeat":"repeat","background-position":"center center","background-size":"auto","background-attachment":"scroll","background-type":"","background-media":"","overlay-type":"","overlay-color":"","overlay-opacity":"","overlay-gradient":""},"mobile":{"background-color":"var(--ast-global-color-5)","background-image":"","background-repeat":"repeat","background-position":"center center","background-size":"auto","background-attachment":"scroll","background-type":"","background-media":"","overlay-type":"","overlay-color":"","overlay-opacity":"","overlay-gradient":""}},"footnotes":""},"categories":[5],"tags":[],"class_list":["post-6427","post","type-post","status-publish","format-standard","has-post-thumbnail","hentry","category-noticias"],"yoast_head":"<!-- This site is optimized with the Yoast SEO plugin v27.4 - https:\/\/yoast.com\/product\/yoast-seo-wordpress\/ -->\n<title>Encuentro con el Honorable C\u00f3nsul General de la Rep\u00fablica Dominicana en Nueva York - Consulado General de la Rep\u00fablica Dominicana en Tokio, Jap\u00f3n<\/title>\n<meta name=\"robots\" content=\"index, follow, max-snippet:-1, max-image-preview:large, max-video-preview:-1\" \/>\n<link rel=\"canonical\" href=\"https:\/\/jpn.mirex.gob.do\/consular\/tokio\/encuentro-con-el-honorable-consul-general-de-la-republica-dominicana-en-nueva-york\/\" \/>\n<meta property=\"og:locale\" content=\"en_US\" \/>\n<meta property=\"og:type\" content=\"article\" \/>\n<meta property=\"og:title\" content=\"Encuentro con el Honorable C\u00f3nsul General de la Rep\u00fablica Dominicana en Nueva York - Consulado General de la Rep\u00fablica Dominicana en Tokio, Jap\u00f3n\" \/>\n<meta property=\"og:description\" content=\"El Honorable C\u00f3nsul General de la Rep\u00fablica Dominicana en Nueva York, Sr. Eligio J\u00e1quez,\u00a0 junto a su distinguida esposa y su Relacionador Publico, Sr. El\u00edas Barreras, sostuvieron un fraternal encuentro con nuestra C\u00f3nsul General Betsaira Cabrera Raful (Sah\u00edra) en su corto tr\u00e1nsito por la ciudad de Nueva York, en su ruta hacia nuestro pa\u00eds. La [&hellip;]\" \/>\n<meta property=\"og:url\" content=\"https:\/\/jpn.mirex.gob.do\/consular\/tokio\/encuentro-con-el-honorable-consul-general-de-la-republica-dominicana-en-nueva-york\/\" \/>\n<meta property=\"og:site_name\" content=\"Consulado General de la Rep\u00fablica Dominicana en Tokio, Jap\u00f3n\" \/>\n<meta property=\"article:published_time\" content=\"2022-08-23T13:42:28+00:00\" \/>\n<meta property=\"article:modified_time\" content=\"2022-08-23T13:54:16+00:00\" \/>\n<meta property=\"og:image\" content=\"https:\/\/jpn.mirex.gob.do\/consular\/tokio\/wp-content\/uploads\/2022\/08\/visita_new_york-e1661262344212.jpg\" \/>\n\t<meta property=\"og:image:width\" content=\"747\" \/>\n\t<meta property=\"og:image:height\" content=\"578\" \/>\n\t<meta property=\"og:image:type\" content=\"image\/jpeg\" \/>\n<meta name=\"author\" content=\"etanaka\" \/>\n<meta name=\"twitter:card\" content=\"summary_large_image\" \/>\n<meta name=\"twitter:label1\" content=\"Written by\" \/>\n\t<meta name=\"twitter:data1\" content=\"etanaka\" \/>\n\t<meta name=\"twitter:label2\" content=\"Est. reading time\" \/>\n\t<meta name=\"twitter:data2\" content=\"1 minute\" \/>\n<script type=\"application\/ld+json\" class=\"yoast-schema-graph\">{\"@context\":\"https:\\\/\\\/schema.org\",\"@graph\":[{\"@type\":\"Article\",\"@id\":\"https:\\\/\\\/jpn.mirex.gob.do\\\/consular\\\/tokio\\\/encuentro-con-el-honorable-consul-general-de-la-republica-dominicana-en-nueva-york\\\/#article\",\"isPartOf\":{\"@id\":\"https:\\\/\\\/jpn.mirex.gob.do\\\/consular\\\/tokio\\\/encuentro-con-el-honorable-consul-general-de-la-republica-dominicana-en-nueva-york\\\/\"},\"author\":{\"name\":\"etanaka\",\"@id\":\"https:\\\/\\\/jpn.mirex.gob.do\\\/consular\\\/tokio\\\/#\\\/schema\\\/person\\\/775ef64f3ad1a2b7f81bf7f364008b49\"},\"headline\":\"Encuentro con el Honorable C\u00f3nsul General de la Rep\u00fablica Dominicana en Nueva York\",\"datePublished\":\"2022-08-23T13:42:28+00:00\",\"dateModified\":\"2022-08-23T13:54:16+00:00\",\"mainEntityOfPage\":{\"@id\":\"https:\\\/\\\/jpn.mirex.gob.do\\\/consular\\\/tokio\\\/encuentro-con-el-honorable-consul-general-de-la-republica-dominicana-en-nueva-york\\\/\"},\"wordCount\":95,\"publisher\":{\"@id\":\"https:\\\/\\\/jpn.mirex.gob.do\\\/consular\\\/tokio\\\/#organization\"},\"image\":{\"@id\":\"https:\\\/\\\/jpn.mirex.gob.do\\\/consular\\\/tokio\\\/encuentro-con-el-honorable-consul-general-de-la-republica-dominicana-en-nueva-york\\\/#primaryimage\"},\"thumbnailUrl\":\"https:\\\/\\\/jpn.mirex.gob.do\\\/consular\\\/tokio\\\/wp-content\\\/uploads\\\/2022\\\/08\\\/visita_new_york-e1661262344212.jpg\",\"articleSection\":[\"Noticias\"],\"inLanguage\":\"en-US\"},{\"@type\":\"WebPage\",\"@id\":\"https:\\\/\\\/jpn.mirex.gob.do\\\/consular\\\/tokio\\\/encuentro-con-el-honorable-consul-general-de-la-republica-dominicana-en-nueva-york\\\/\",\"url\":\"https:\\\/\\\/jpn.mirex.gob.do\\\/consular\\\/tokio\\\/encuentro-con-el-honorable-consul-general-de-la-republica-dominicana-en-nueva-york\\\/\",\"name\":\"Encuentro con el Honorable C\u00f3nsul General de la Rep\u00fablica Dominicana en Nueva York - Consulado General de la Rep\u00fablica Dominicana en Tokio, Jap\u00f3n\",\"isPartOf\":{\"@id\":\"https:\\\/\\\/jpn.mirex.gob.do\\\/consular\\\/tokio\\\/#website\"},\"primaryImageOfPage\":{\"@id\":\"https:\\\/\\\/jpn.mirex.gob.do\\\/consular\\\/tokio\\\/encuentro-con-el-honorable-consul-general-de-la-republica-dominicana-en-nueva-york\\\/#primaryimage\"},\"image\":{\"@id\":\"https:\\\/\\\/jpn.mirex.gob.do\\\/consular\\\/tokio\\\/encuentro-con-el-honorable-consul-general-de-la-republica-dominicana-en-nueva-york\\\/#primaryimage\"},\"thumbnailUrl\":\"https:\\\/\\\/jpn.mirex.gob.do\\\/consular\\\/tokio\\\/wp-content\\\/uploads\\\/2022\\\/08\\\/visita_new_york-e1661262344212.jpg\",\"datePublished\":\"2022-08-23T13:42:28+00:00\",\"dateModified\":\"2022-08-23T13:54:16+00:00\",\"breadcrumb\":{\"@id\":\"https:\\\/\\\/jpn.mirex.gob.do\\\/consular\\\/tokio\\\/encuentro-con-el-honorable-consul-general-de-la-republica-dominicana-en-nueva-york\\\/#breadcrumb\"},\"inLanguage\":\"en-US\",\"potentialAction\":[{\"@type\":\"ReadAction\",\"target\":[\"https:\\\/\\\/jpn.mirex.gob.do\\\/consular\\\/tokio\\\/encuentro-con-el-honorable-consul-general-de-la-republica-dominicana-en-nueva-york\\\/\"]}]},{\"@type\":\"ImageObject\",\"inLanguage\":\"en-US\",\"@id\":\"https:\\\/\\\/jpn.mirex.gob.do\\\/consular\\\/tokio\\\/encuentro-con-el-honorable-consul-general-de-la-republica-dominicana-en-nueva-york\\\/#primaryimage\",\"url\":\"https:\\\/\\\/jpn.mirex.gob.do\\\/consular\\\/tokio\\\/wp-content\\\/uploads\\\/2022\\\/08\\\/visita_new_york-e1661262344212.jpg\",\"contentUrl\":\"https:\\\/\\\/jpn.mirex.gob.do\\\/consular\\\/tokio\\\/wp-content\\\/uploads\\\/2022\\\/08\\\/visita_new_york-e1661262344212.jpg\",\"width\":747,\"height\":578},{\"@type\":\"BreadcrumbList\",\"@id\":\"https:\\\/\\\/jpn.mirex.gob.do\\\/consular\\\/tokio\\\/encuentro-con-el-honorable-consul-general-de-la-republica-dominicana-en-nueva-york\\\/#breadcrumb\",\"itemListElement\":[{\"@type\":\"ListItem\",\"position\":1,\"name\":\"Inicio\",\"item\":\"https:\\\/\\\/jpn.mirex.gob.do\\\/consular\\\/tokio\\\/\"},{\"@type\":\"ListItem\",\"position\":2,\"name\":\"Encuentro con el Honorable C\u00f3nsul General de la Rep\u00fablica Dominicana en Nueva York\"}]},{\"@type\":\"WebSite\",\"@id\":\"https:\\\/\\\/jpn.mirex.gob.do\\\/consular\\\/tokio\\\/#website\",\"url\":\"https:\\\/\\\/jpn.mirex.gob.do\\\/consular\\\/tokio\\\/\",\"name\":\"Consulado General de la Rep\u00fablica Dominicana en Tokio, Jap\u00f3n\",\"description\":\"\",\"publisher\":{\"@id\":\"https:\\\/\\\/jpn.mirex.gob.do\\\/consular\\\/tokio\\\/#organization\"},\"potentialAction\":[{\"@type\":\"SearchAction\",\"target\":{\"@type\":\"EntryPoint\",\"urlTemplate\":\"https:\\\/\\\/jpn.mirex.gob.do\\\/consular\\\/tokio\\\/?s={search_term_string}\"},\"query-input\":{\"@type\":\"PropertyValueSpecification\",\"valueRequired\":true,\"valueName\":\"search_term_string\"}}],\"inLanguage\":\"en-US\"},{\"@type\":\"Organization\",\"@id\":\"https:\\\/\\\/jpn.mirex.gob.do\\\/consular\\\/tokio\\\/#organization\",\"name\":\"Consulado General de la Rep\u00fablica Dominicana en Tokio, Jap\u00f3n\",\"url\":\"https:\\\/\\\/jpn.mirex.gob.do\\\/consular\\\/tokio\\\/\",\"logo\":{\"@type\":\"ImageObject\",\"inLanguage\":\"en-US\",\"@id\":\"https:\\\/\\\/jpn.mirex.gob.do\\\/consular\\\/tokio\\\/#\\\/schema\\\/logo\\\/image\\\/\",\"url\":\"https:\\\/\\\/jpn.mirex.gob.do\\\/consular\\\/tokio\\\/wp-content\\\/uploads\\\/2021\\\/11\\\/CONSULADO-Tokio-Japon-RD-04.png\",\"contentUrl\":\"https:\\\/\\\/jpn.mirex.gob.do\\\/consular\\\/tokio\\\/wp-content\\\/uploads\\\/2021\\\/11\\\/CONSULADO-Tokio-Japon-RD-04.png\",\"width\":4163,\"height\":1788,\"caption\":\"Consulado General de la Rep\u00fablica Dominicana en Tokio, Jap\u00f3n\"},\"image\":{\"@id\":\"https:\\\/\\\/jpn.mirex.gob.do\\\/consular\\\/tokio\\\/#\\\/schema\\\/logo\\\/image\\\/\"}},{\"@type\":\"Person\",\"@id\":\"https:\\\/\\\/jpn.mirex.gob.do\\\/consular\\\/tokio\\\/#\\\/schema\\\/person\\\/775ef64f3ad1a2b7f81bf7f364008b49\",\"name\":\"etanaka\",\"image\":{\"@type\":\"ImageObject\",\"inLanguage\":\"en-US\",\"@id\":\"https:\\\/\\\/secure.gravatar.com\\\/avatar\\\/abf4276b711ebf324ffb2e2969ae7d8232bb4192c4e0c72c537060fbe396ff16?s=96&d=mm&r=g\",\"url\":\"https:\\\/\\\/secure.gravatar.com\\\/avatar\\\/abf4276b711ebf324ffb2e2969ae7d8232bb4192c4e0c72c537060fbe396ff16?s=96&d=mm&r=g\",\"contentUrl\":\"https:\\\/\\\/secure.gravatar.com\\\/avatar\\\/abf4276b711ebf324ffb2e2969ae7d8232bb4192c4e0c72c537060fbe396ff16?s=96&d=mm&r=g\",\"caption\":\"etanaka\"},\"sameAs\":[\"https:\\\/\\\/etanaka.tk\"]}]}<\/script>\n<!-- \/ Yoast SEO plugin. -->","yoast_head_json":{"title":"Encuentro con el Honorable C\u00f3nsul General de la Rep\u00fablica Dominicana en Nueva York - Consulado General de la Rep\u00fablica Dominicana en Tokio, Jap\u00f3n","robots":{"index":"index","follow":"follow","max-snippet":"max-snippet:-1","max-image-preview":"max-image-preview:large","max-video-preview":"max-video-preview:-1"},"canonical":"https:\/\/jpn.mirex.gob.do\/consular\/tokio\/encuentro-con-el-honorable-consul-general-de-la-republica-dominicana-en-nueva-york\/","og_locale":"en_US","og_type":"article","og_title":"Encuentro con el Honorable C\u00f3nsul General de la Rep\u00fablica Dominicana en Nueva York - Consulado General de la Rep\u00fablica Dominicana en Tokio, Jap\u00f3n","og_description":"El Honorable C\u00f3nsul General de la Rep\u00fablica Dominicana en Nueva York, Sr. Eligio J\u00e1quez,\u00a0 junto a su distinguida esposa y su Relacionador Publico, Sr. El\u00edas Barreras, sostuvieron un fraternal encuentro con nuestra C\u00f3nsul General Betsaira Cabrera Raful (Sah\u00edra) en su corto tr\u00e1nsito por la ciudad de Nueva York, en su ruta hacia nuestro pa\u00eds. La [&hellip;]","og_url":"https:\/\/jpn.mirex.gob.do\/consular\/tokio\/encuentro-con-el-honorable-consul-general-de-la-republica-dominicana-en-nueva-york\/","og_site_name":"Consulado General de la Rep\u00fablica Dominicana en Tokio, Jap\u00f3n","article_published_time":"2022-08-23T13:42:28+00:00","article_modified_time":"2022-08-23T13:54:16+00:00","og_image":[{"width":747,"height":578,"url":"https:\/\/jpn.mirex.gob.do\/consular\/tokio\/wp-content\/uploads\/2022\/08\/visita_new_york-e1661262344212.jpg","type":"image\/jpeg"}],"author":"etanaka","twitter_card":"summary_large_image","twitter_misc":{"Written by":"etanaka","Est. reading time":"1 minute"},"schema":{"@context":"https:\/\/schema.org","@graph":[{"@type":"Article","@id":"https:\/\/jpn.mirex.gob.do\/consular\/tokio\/encuentro-con-el-honorable-consul-general-de-la-republica-dominicana-en-nueva-york\/#article","isPartOf":{"@id":"https:\/\/jpn.mirex.gob.do\/consular\/tokio\/encuentro-con-el-honorable-consul-general-de-la-republica-dominicana-en-nueva-york\/"},"author":{"name":"etanaka","@id":"https:\/\/jpn.mirex.gob.do\/consular\/tokio\/#\/schema\/person\/775ef64f3ad1a2b7f81bf7f364008b49"},"headline":"Encuentro con el Honorable C\u00f3nsul General de la Rep\u00fablica Dominicana en Nueva York","datePublished":"2022-08-23T13:42:28+00:00","dateModified":"2022-08-23T13:54:16+00:00","mainEntityOfPage":{"@id":"https:\/\/jpn.mirex.gob.do\/consular\/tokio\/encuentro-con-el-honorable-consul-general-de-la-republica-dominicana-en-nueva-york\/"},"wordCount":95,"publisher":{"@id":"https:\/\/jpn.mirex.gob.do\/consular\/tokio\/#organization"},"image":{"@id":"https:\/\/jpn.mirex.gob.do\/consular\/tokio\/encuentro-con-el-honorable-consul-general-de-la-republica-dominicana-en-nueva-york\/#primaryimage"},"thumbnailUrl":"https:\/\/jpn.mirex.gob.do\/consular\/tokio\/wp-content\/uploads\/2022\/08\/visita_new_york-e1661262344212.jpg","articleSection":["Noticias"],"inLanguage":"en-US"},{"@type":"WebPage","@id":"https:\/\/jpn.mirex.gob.do\/consular\/tokio\/encuentro-con-el-honorable-consul-general-de-la-republica-dominicana-en-nueva-york\/","url":"https:\/\/jpn.mirex.gob.do\/consular\/tokio\/encuentro-con-el-honorable-consul-general-de-la-republica-dominicana-en-nueva-york\/","name":"Encuentro con el Honorable C\u00f3nsul General de la Rep\u00fablica Dominicana en Nueva York - Consulado General de la Rep\u00fablica Dominicana en Tokio, Jap\u00f3n","isPartOf":{"@id":"https:\/\/jpn.mirex.gob.do\/consular\/tokio\/#website"},"primaryImageOfPage":{"@id":"https:\/\/jpn.mirex.gob.do\/consular\/tokio\/encuentro-con-el-honorable-consul-general-de-la-republica-dominicana-en-nueva-york\/#primaryimage"},"image":{"@id":"https:\/\/jpn.mirex.gob.do\/consular\/tokio\/encuentro-con-el-honorable-consul-general-de-la-republica-dominicana-en-nueva-york\/#primaryimage"},"thumbnailUrl":"https:\/\/jpn.mirex.gob.do\/consular\/tokio\/wp-content\/uploads\/2022\/08\/visita_new_york-e1661262344212.jpg","datePublished":"2022-08-23T13:42:28+00:00","dateModified":"2022-08-23T13:54:16+00:00","breadcrumb":{"@id":"https:\/\/jpn.mirex.gob.do\/consular\/tokio\/encuentro-con-el-honorable-consul-general-de-la-republica-dominicana-en-nueva-york\/#breadcrumb"},"inLanguage":"en-US","potentialAction":[{"@type":"ReadAction","target":["https:\/\/jpn.mirex.gob.do\/consular\/tokio\/encuentro-con-el-honorable-consul-general-de-la-republica-dominicana-en-nueva-york\/"]}]},{"@type":"ImageObject","inLanguage":"en-US","@id":"https:\/\/jpn.mirex.gob.do\/consular\/tokio\/encuentro-con-el-honorable-consul-general-de-la-republica-dominicana-en-nueva-york\/#primaryimage","url":"https:\/\/jpn.mirex.gob.do\/consular\/tokio\/wp-content\/uploads\/2022\/08\/visita_new_york-e1661262344212.jpg","contentUrl":"https:\/\/jpn.mirex.gob.do\/consular\/tokio\/wp-content\/uploads\/2022\/08\/visita_new_york-e1661262344212.jpg","width":747,"height":578},{"@type":"BreadcrumbList","@id":"https:\/\/jpn.mirex.gob.do\/consular\/tokio\/encuentro-con-el-honorable-consul-general-de-la-republica-dominicana-en-nueva-york\/#breadcrumb","itemListElement":[{"@type":"ListItem","position":1,"name":"Inicio","item":"https:\/\/jpn.mirex.gob.do\/consular\/tokio\/"},{"@type":"ListItem","position":2,"name":"Encuentro con el Honorable C\u00f3nsul General de la Rep\u00fablica Dominicana en Nueva York"}]},{"@type":"WebSite","@id":"https:\/\/jpn.mirex.gob.do\/consular\/tokio\/#website","url":"https:\/\/jpn.mirex.gob.do\/consular\/tokio\/","name":"Consulado General de la Rep\u00fablica Dominicana en Tokio, Jap\u00f3n","description":"","publisher":{"@id":"https:\/\/jpn.mirex.gob.do\/consular\/tokio\/#organization"},"potentialAction":[{"@type":"SearchAction","target":{"@type":"EntryPoint","urlTemplate":"https:\/\/jpn.mirex.gob.do\/consular\/tokio\/?s={search_term_string}"},"query-input":{"@type":"PropertyValueSpecification","valueRequired":true,"valueName":"search_term_string"}}],"inLanguage":"en-US"},{"@type":"Organization","@id":"https:\/\/jpn.mirex.gob.do\/consular\/tokio\/#organization","name":"Consulado General de la Rep\u00fablica Dominicana en Tokio, Jap\u00f3n","url":"https:\/\/jpn.mirex.gob.do\/consular\/tokio\/","logo":{"@type":"ImageObject","inLanguage":"en-US","@id":"https:\/\/jpn.mirex.gob.do\/consular\/tokio\/#\/schema\/logo\/image\/","url":"https:\/\/jpn.mirex.gob.do\/consular\/tokio\/wp-content\/uploads\/2021\/11\/CONSULADO-Tokio-Japon-RD-04.png","contentUrl":"https:\/\/jpn.mirex.gob.do\/consular\/tokio\/wp-content\/uploads\/2021\/11\/CONSULADO-Tokio-Japon-RD-04.png","width":4163,"height":1788,"caption":"Consulado General de la Rep\u00fablica Dominicana en Tokio, Jap\u00f3n"},"image":{"@id":"https:\/\/jpn.mirex.gob.do\/consular\/tokio\/#\/schema\/logo\/image\/"}},{"@type":"Person","@id":"https:\/\/jpn.mirex.gob.do\/consular\/tokio\/#\/schema\/person\/775ef64f3ad1a2b7f81bf7f364008b49","name":"etanaka","image":{"@type":"ImageObject","inLanguage":"en-US","@id":"https:\/\/secure.gravatar.com\/avatar\/abf4276b711ebf324ffb2e2969ae7d8232bb4192c4e0c72c537060fbe396ff16?s=96&d=mm&r=g","url":"https:\/\/secure.gravatar.com\/avatar\/abf4276b711ebf324ffb2e2969ae7d8232bb4192c4e0c72c537060fbe396ff16?s=96&d=mm&r=g","contentUrl":"https:\/\/secure.gravatar.com\/avatar\/abf4276b711ebf324ffb2e2969ae7d8232bb4192c4e0c72c537060fbe396ff16?s=96&d=mm&r=g","caption":"etanaka"},"sameAs":["https:\/\/etanaka.tk"]}]}},"_links":{"self":[{"href":"https:\/\/jpn.mirex.gob.do\/consular\/tokio\/wp-json\/wp\/v2\/posts\/6427","targetHints":{"allow":["GET"]}}],"collection":[{"href":"https:\/\/jpn.mirex.gob.do\/consular\/tokio\/wp-json\/wp\/v2\/posts"}],"about":[{"href":"https:\/\/jpn.mirex.gob.do\/consular\/tokio\/wp-json\/wp\/v2\/types\/post"}],"author":[{"embeddable":true,"href":"https:\/\/jpn.mirex.gob.do\/consular\/tokio\/wp-json\/wp\/v2\/users\/1"}],"replies":[{"embeddable":true,"href":"https:\/\/jpn.mirex.gob.do\/consular\/tokio\/wp-json\/wp\/v2\/comments?post=6427"}],"version-history":[{"count":1,"href":"https:\/\/jpn.mirex.gob.do\/consular\/tokio\/wp-json\/wp\/v2\/posts\/6427\/revisions"}],"predecessor-version":[{"id":6429,"href":"https:\/\/jpn.mirex.gob.do\/consular\/tokio\/wp-json\/wp\/v2\/posts\/6427\/revisions\/6429"}],"wp:featuredmedia":[{"embeddable":true,"href":"https:\/\/jpn.mirex.gob.do\/consular\/tokio\/wp-json\/wp\/v2\/media\/6430"}],"wp:attachment":[{"href":"https:\/\/jpn.mirex.gob.do\/consular\/tokio\/wp-json\/wp\/v2\/media?parent=6427"}],"wp:term":[{"taxonomy":"category","embeddable":true,"href":"https:\/\/jpn.mirex.gob.do\/consular\/tokio\/wp-json\/wp\/v2\/categories?post=6427"},{"taxonomy":"post_tag","embeddable":true,"href":"https:\/\/jpn.mirex.gob.do\/consular\/tokio\/wp-json\/wp\/v2\/tags?post=6427"}],"curies":[{"name":"wp","href":"https:\/\/api.w.org\/{rel}","templated":true}]}}